{"id":112703,"date":"2024-01-20T08:16:11","date_gmt":"2024-01-20T14:16:11","guid":{"rendered":"http:\/\/diariodigitalmx.com\/?p=112703"},"modified":"2024-01-20T08:17:36","modified_gmt":"2024-01-20T14:17:36","slug":"dadas-las-circunstancias-actuales-despedida-de-azucena-uresti-de-su-noticiero-en-milenio-television","status":"publish","type":"post","link":"https:\/\/diariodigitalmx.com\/index.php\/2024\/01\/20\/dadas-las-circunstancias-actuales-despedida-de-azucena-uresti-de-su-noticiero-en-milenio-television\/","title":{"rendered":"&#8220;Dadas las circunstancias actuales&#8221;: Despedida de Azucena Uresti, de su noticiero en Milenio Televisi\u00f3n"},"content":{"rendered":"\n<figure class=\"wp-block-video\"><video controls src=\"http:\/\/diariodigitalmx.com\/wp-content\/uploads\/2024\/01\/57KY9pkQtyLYgXIg.mp4\"><\/video><\/figure>\n\n\n\n<p>Nos veremos en la siguiente oportunidad para seguir ejerciendo este oficio de manera libre, es momento de definiciones, dijo al concluir<br>su \u00faltima edici\u00f3n en Milenio televisi\u00f3n la periodista Azucena Uresti.<\/p>\n\n\n\n<p>\u201cEn #AzucenaALas10 enfrentamos desaf\u00edos, retos, presiones, los ciclos se cierran y las definiciones llegan en la vida de todas las personas, es momento de irme, decir adi\u00f3s nunca es f\u00e1cil; gracias a todos y cada una de las personas que me acompa\u00f1aron en este viaje. As\u00ed la historia de este noticiero. Gracias, buenas noches y hasta pronto\u201d, despidi\u00f3.<\/p>\n\n\n\n<p>&#8220;Dadas las circunstancias actuales&#8221;, se\u00f1al\u00f3 durante su despedida donde agradeci\u00f3 a sus televidentes, a su equipo de trabajo, a reporteros, corresponsales, directivos de la empresa, a quienes le han apoyado en su carrera period\u00edstica.<\/p>\n\n\n\n<p>Este es el \u00faltimo d\u00eda en &#8216;Azucena a las 10&#8217;. Me siento muy orgullosa porque aqu\u00ed se han escuchado las voces de todos, las voces de aquellos que son silenciados en este pa\u00eds. Es momento de definiciones y dadas las condiciones actuales\u201d, dijo mientras se observaban programas anteriores como historias y temas diversos.<\/p>\n\n\n\n<p>\u201cComo ven, han habido muchas presiones profesionales, pero todos los ciclos se cierran, decir adi\u00f3s nunca es f\u00e1cil (\u2026) Muchas gracias por acompa\u00f1arnos noche a noche durante estos a\u00f1os, por confiar en nuestro trabajo y seguir lo que pasaba en esta pantalla\u201d.<\/p>\n\n\n\n<p>\u201cSeguiremos haciendo nuestro trabajo donde sea y con libertad, desenmascarando las mentiras y evidenciando que han sido rebasados\u201d, dijo en su programa de despedida, donde expuso diversos materiales que fueron expuestos en su espacio televisivo.<\/p>\n\n\n\n<p>\u201cNo podemos estar de lado del poder, sea del color que sea, debemos estar de lado de los ciudadanos\u201d, abund\u00f3 Uresti.<\/p>\n","protected":false},"excerpt":{"rendered":"<p>Nos veremos en la siguiente oportunidad para seguir ejerciendo este oficio de manera libre, es momento de definiciones, dijo al concluirsu \u00faltima edici\u00f3n en Milenio televisi\u00f3n la periodista Azucena Uresti. \u201cEn #AzucenaALas10 enfrentamos desaf\u00edos, retos, presiones, los ciclos se cierran y las definiciones llegan en la vida de todas las personas, es momento de irme, [&hellip;]<\/p>\n","protected":false},"author":1,"featured_media":112705,"comment_status":"open","ping_status":"open","sticky":true,"template":"","format":"standard","meta":{"footnotes":""},"categories":[2,3],"tags":[],"_links":{"self":[{"href":"https:\/\/diariodigitalmx.com\/index.php\/wp-json\/wp\/v2\/posts\/112703"}],"collection":[{"href":"https:\/\/diariodigitalmx.com\/index.php\/wp-json\/wp\/v2\/posts"}],"about":[{"href":"https:\/\/diariodigitalmx.com\/index.php\/wp-json\/wp\/v2\/types\/post"}],"author":[{"embeddable":true,"href":"https:\/\/diariodigitalmx.com\/index.php\/wp-json\/wp\/v2\/users\/1"}],"replies":[{"embeddable":true,"href":"https:\/\/diariodigitalmx.com\/index.php\/wp-json\/wp\/v2\/comments?post=112703"}],"version-history":[{"count":2,"href":"https:\/\/diariodigitalmx.com\/index.php\/wp-json\/wp\/v2\/posts\/112703\/revisions"}],"predecessor-version":[{"id":112708,"href":"https:\/\/diariodigitalmx.com\/index.php\/wp-json\/wp\/v2\/posts\/112703\/revisions\/112708"}],"wp:featuredmedia":[{"embeddable":true,"href":"https:\/\/diariodigitalmx.com\/index.php\/wp-json\/wp\/v2\/media\/112705"}],"wp:attachment":[{"href":"https:\/\/diariodigitalmx.com\/index.php\/wp-json\/wp\/v2\/media?parent=112703"}],"wp:term":[{"taxonomy":"category","embeddable":true,"href":"https:\/\/diariodigitalmx.com\/index.php\/wp-json\/wp\/v2\/categories?post=112703"},{"taxonomy":"post_tag","embeddable":true,"href":"https:\/\/diariodigitalmx.com\/index.php\/wp-json\/wp\/v2\/tags?post=112703"}],"curies":[{"name":"wp","href":"https:\/\/api.w.org\/{rel}","templated":true}]}}