{"id":112709,"date":"2024-01-20T22:51:38","date_gmt":"2024-01-21T04:51:38","guid":{"rendered":"http:\/\/diariodigitalmx.com\/?p=112709"},"modified":"2024-01-20T22:53:48","modified_gmt":"2024-01-21T04:53:48","slug":"guadalupe-mi-origen-mi-formacion-vamos-por-su-transformacion-el-recuerdo-el-reto-de-hector-garcia","status":"publish","type":"post","link":"https:\/\/diariodigitalmx.com\/index.php\/2024\/01\/20\/guadalupe-mi-origen-mi-formacion-vamos-por-su-transformacion-el-recuerdo-el-reto-de-hector-garcia\/","title":{"rendered":"Guadalupe mi origen, mi formaci\u00f3n, vamos por su transformacion; el recuerdo, el reto de H\u00e9ctor Garc\u00eda"},"content":{"rendered":"\n<p>Cuando a las cinco de la tarde repic\u00f3 el reloj de la plaza principal de Guadalupe, H\u00e9ctor Garc\u00eda nost\u00e1lgico, rememor\u00f3 los d\u00edas de estudiante y el paso diario frente a la iglesia y la explanada.<\/p>\n\n\n\n<p>Con ese recuerdo de jovencito, de ni\u00f1o, reafirm\u00f3 que Guadalupe es su origen, la tierra de sus padres, donde creci\u00f3, se form\u00f3 y ahora habita con su esposa, sus hijos, sus nietos. &#8220;Aqu\u00ed estoy, nunca me he ido ni me ir\u00e9&#8221;, remarc\u00f3 el precandidato a la Alcald\u00eda guadalupenses por Movimiento Ciudadano ah\u00ed a unos pasos del templo, y del edificio que por d\u00e9cadas alberg\u00f3 la presidencia municipal.<\/p>\n\n\n\n<p>A H\u00e9ctor Garc\u00eda le gusta escuchar, mirar, atender a la gente, entenderla. Camin\u00f3 desde su oficina unos 100 metros hasta la plaza principal al cierre de precampa\u00f1a.<\/p>\n\n\n\n<figure class=\"wp-block-image size-full\"><img loading=\"lazy\" decoding=\"async\" width=\"688\" height=\"452\" src=\"http:\/\/diariodigitalmx.com\/wp-content\/uploads\/2024\/01\/Screenshot_20240120-224429_Instagram.jpg\" alt=\"\" class=\"wp-image-112713\" srcset=\"https:\/\/diariodigitalmx.com\/wp-content\/uploads\/2024\/01\/Screenshot_20240120-224429_Instagram.jpg 688w, https:\/\/diariodigitalmx.com\/wp-content\/uploads\/2024\/01\/Screenshot_20240120-224429_Instagram-300x197.jpg 300w\" sizes=\"(max-width: 688px) 100vw, 688px\" \/><\/figure>\n\n\n\n<p>Las porras y la batucada le acompa\u00f1aron, le abrieron paso, tard\u00f3 unos minutos en llegar al estrado, las selfies, el saludo, los abrazos, el apapacho de decenas de simpatizantes. El precandidato se regocij\u00f3.<\/p>\n\n\n\n<p>El viento helado del invierno nunca disminuy\u00f3 el \u00e1nimo de los asistentes que esperaron a su precandidato, enarbolaron banderas de MC, de H\u00e9ctor Garc\u00eda. &#8221; Ya est\u00e1 aqu\u00ed, recibamos a nuestro precandidato, al hombre que va a cambiar para bien Guadalupe&#8221;, alab\u00f3 el maestro de ceremonias.<\/p>\n\n\n\n<p>&#8220;H\u00e9ctor&#8221;, &#8220;H\u00e9ctor&#8221;, &#8220;Hector&#8221;, mostr\u00f3 m\u00fasculo la asistencia que desafi\u00f3 inc\u00f3lume las bajas temperaturas. De buen trato, H\u00e9ctor Garc\u00eda se regode\u00f3.<\/p>\n\n\n\n<figure class=\"wp-block-image size-full\"><img loading=\"lazy\" decoding=\"async\" width=\"720\" height=\"489\" src=\"http:\/\/diariodigitalmx.com\/wp-content\/uploads\/2024\/01\/Screenshot_20240120-224446_Instagram.jpg\" alt=\"\" class=\"wp-image-112715\" srcset=\"https:\/\/diariodigitalmx.com\/wp-content\/uploads\/2024\/01\/Screenshot_20240120-224446_Instagram.jpg 720w, https:\/\/diariodigitalmx.com\/wp-content\/uploads\/2024\/01\/Screenshot_20240120-224446_Instagram-300x204.jpg 300w\" sizes=\"(max-width: 720px) 100vw, 720px\" \/><\/figure>\n\n\n\n<p>&#8220;Hace unos momentos son\u00f3 el reloj como muchos a\u00f1os lo ha hecho y me ha recordado quien es H\u00e9ctor Garc\u00eda quien soy. Tuve la suerte de haber nacido aqu\u00ed en Guadalupe, de haber visitado la plaza principal desde estudiante; estoy orgulloso de haber crecido aqu\u00ed, orgulloso de la gente de Guadalupe&#8221;, dijo.<\/p>\n\n\n\n<p>De chaleco y camisa blanca, tambi\u00e9n desafi\u00f3 al clima g\u00e9lido, se fundi\u00f3 a los v\u00edtores de sus zimpatizantes, que tambi\u00e9n enfrentaron el fr\u00edo, &#8220;nada nos detiene, Guadalupe merece el cambio, merece desarrollo, empleo, vialidades, escuelas, movilidad, deporte, \u00e1reas verdes, seguridad&#8221;, ret\u00f3 el precandidato<\/p>\n\n\n\n<figure class=\"wp-block-image size-full\"><img loading=\"lazy\" decoding=\"async\" width=\"700\" height=\"463\" src=\"http:\/\/diariodigitalmx.com\/wp-content\/uploads\/2024\/01\/Screenshot_20240120-224957_Instagram.jpg\" alt=\"\" class=\"wp-image-112717\" srcset=\"https:\/\/diariodigitalmx.com\/wp-content\/uploads\/2024\/01\/Screenshot_20240120-224957_Instagram.jpg 700w, https:\/\/diariodigitalmx.com\/wp-content\/uploads\/2024\/01\/Screenshot_20240120-224957_Instagram-300x198.jpg 300w\" sizes=\"(max-width: 700px) 100vw, 700px\" \/><\/figure>\n\n\n\n<p>.Luego mostr\u00f3 la experiencia, la madurez pol\u00edtica, el equilibrio, saber manejar el discurso, la narrativa, con altura, con prop\u00f3sito, con nivel: &#8220;Basta ya de retraso, no voy a criticar solo porque es el pasado, vamos a cambiar lo que est\u00e1 mal, mejorar lo que est\u00e1 bien, vamos a hacer las cosas diferentes&#8221;, recalc\u00f3.<\/p>\n\n\n\n<p>El precandidato de MC invit\u00f3 al estrado a su equipo, a los candidatos a diputados locales y federales, les aplaudi\u00f3 la entrega, y solicit\u00f3 a los asistentes el apoyo para un mejor Guadalupe.<\/p>\n\n\n\n<p>Y cuando cerraba el mensaje coincidentemente replicaron, ta\u00f1eron las campanas de la parroquia de Guadalupe. H\u00e9ctor Garc\u00eda pase\u00f3 la vista por la multitud, por la estatua de Francisco de Barbadillo y Vitoria, el fundador de Guadalupe y estableci\u00f3 el compromiso de ser primero candidato, despu\u00e9s alcalde e iniciar la transformaci\u00f3n para un nuevo Guadalupe.<\/p>\n","protected":false},"excerpt":{"rendered":"<p>Cuando a las cinco de la tarde repic\u00f3 el reloj de la plaza principal de Guadalupe, H\u00e9ctor Garc\u00eda nost\u00e1lgico, rememor\u00f3 los d\u00edas de estudiante y el paso diario frente a la iglesia y la explanada. Con ese recuerdo de jovencito, de ni\u00f1o, reafirm\u00f3 que Guadalupe es su origen, la tierra de sus padres, donde creci\u00f3, [&hellip;]<\/p>\n","protected":false},"author":1,"featured_media":112711,"comment_status":"open","ping_status":"open","sticky":true,"template":"","format":"standard","meta":{"footnotes":""},"categories":[6,3],"tags":[],"_links":{"self":[{"href":"https:\/\/diariodigitalmx.com\/index.php\/wp-json\/wp\/v2\/posts\/112709"}],"collection":[{"href":"https:\/\/diariodigitalmx.com\/index.php\/wp-json\/wp\/v2\/posts"}],"about":[{"href":"https:\/\/diariodigitalmx.com\/index.php\/wp-json\/wp\/v2\/types\/post"}],"author":[{"embeddable":true,"href":"https:\/\/diariodigitalmx.com\/index.php\/wp-json\/wp\/v2\/users\/1"}],"replies":[{"embeddable":true,"href":"https:\/\/diariodigitalmx.com\/index.php\/wp-json\/wp\/v2\/comments?post=112709"}],"version-history":[{"count":4,"href":"https:\/\/diariodigitalmx.com\/index.php\/wp-json\/wp\/v2\/posts\/112709\/revisions"}],"predecessor-version":[{"id":112718,"href":"https:\/\/diariodigitalmx.com\/index.php\/wp-json\/wp\/v2\/posts\/112709\/revisions\/112718"}],"wp:featuredmedia":[{"embeddable":true,"href":"https:\/\/diariodigitalmx.com\/index.php\/wp-json\/wp\/v2\/media\/112711"}],"wp:attachment":[{"href":"https:\/\/diariodigitalmx.com\/index.php\/wp-json\/wp\/v2\/media?parent=112709"}],"wp:term":[{"taxonomy":"category","embeddable":true,"href":"https:\/\/diariodigitalmx.com\/index.php\/wp-json\/wp\/v2\/categories?post=112709"},{"taxonomy":"post_tag","embeddable":true,"href":"https:\/\/diariodigitalmx.com\/index.php\/wp-json\/wp\/v2\/tags?post=112709"}],"curies":[{"name":"wp","href":"https:\/\/api.w.org\/{rel}","templated":true}]}}