{"id":112719,"date":"2024-01-20T23:27:52","date_gmt":"2024-01-21T05:27:52","guid":{"rendered":"http:\/\/diariodigitalmx.com\/?p=112719"},"modified":"2024-01-20T23:29:08","modified_gmt":"2024-01-21T05:29:08","slug":"112719","status":"publish","type":"post","link":"https:\/\/diariodigitalmx.com\/index.php\/2024\/01\/20\/112719\/","title":{"rendered":"Por horas par\u00f3 el Tren Maya"},"content":{"rendered":"\n<p>Circul\u00f3 en redes sociales un video, donde pasajeros denuncian que quedaron varados por m\u00e1s de cuatro horas, luego de que se presentar\u00e1 una falla t\u00e9cnica en em Tren Maya.<\/p>\n\n\n\n<p>Los hechos se registraron el viernes y uno de los pasajeros grab\u00f3 lo que estaba pasando, y comparti\u00f3 el video en las redes sociales.<\/p>\n\n\n\n<p>Se observa a un empleado que dice a los viajeros que un tren ya iba en camino.<br>&#8220;Ya viene un tren&#8221;. &#8220;Pero ya llevamos m\u00e1s de cuatro horas, ya casi van a dar las 3 de la tarde y sin comer&#8221;, se\u00f1ala una mujer.<\/p>\n\n\n\n<p>Los pasajeros se quejaron de estar varados por varias horas y sin aire acondicionado, y despu\u00e9s de las 5 de la tarde llegaron autobuses que los trasladaron de regreso a la estaci\u00f3n de donde salieron,en el aeropuerto de Canc\u00fan, inform\u00f3 el diario de Yucat\u00e1n.<\/p>\n\n\n\n<p>A los pasajeros se les inform\u00f3 que se les reembolsar\u00e1 el costo del boleto.<\/p>\n","protected":false},"excerpt":{"rendered":"<p>Circul\u00f3 en redes sociales un video, donde pasajeros denuncian que quedaron varados por m\u00e1s de cuatro horas, luego de que se presentar\u00e1 una falla t\u00e9cnica en em Tren Maya. Los hechos se registraron el viernes y uno de los pasajeros grab\u00f3 lo que estaba pasando, y comparti\u00f3 el video en las redes sociales. Se observa [&hellip;]<\/p>\n","protected":false},"author":1,"featured_media":112721,"comment_status":"open","ping_status":"open","sticky":true,"template":"","format":"standard","meta":{"footnotes":""},"categories":[2,3],"tags":[],"_links":{"self":[{"href":"https:\/\/diariodigitalmx.com\/index.php\/wp-json\/wp\/v2\/posts\/112719"}],"collection":[{"href":"https:\/\/diariodigitalmx.com\/index.php\/wp-json\/wp\/v2\/posts"}],"about":[{"href":"https:\/\/diariodigitalmx.com\/index.php\/wp-json\/wp\/v2\/types\/post"}],"author":[{"embeddable":true,"href":"https:\/\/diariodigitalmx.com\/index.php\/wp-json\/wp\/v2\/users\/1"}],"replies":[{"embeddable":true,"href":"https:\/\/diariodigitalmx.com\/index.php\/wp-json\/wp\/v2\/comments?post=112719"}],"version-history":[{"count":2,"href":"https:\/\/diariodigitalmx.com\/index.php\/wp-json\/wp\/v2\/posts\/112719\/revisions"}],"predecessor-version":[{"id":112723,"href":"https:\/\/diariodigitalmx.com\/index.php\/wp-json\/wp\/v2\/posts\/112719\/revisions\/112723"}],"wp:featuredmedia":[{"embeddable":true,"href":"https:\/\/diariodigitalmx.com\/index.php\/wp-json\/wp\/v2\/media\/112721"}],"wp:attachment":[{"href":"https:\/\/diariodigitalmx.com\/index.php\/wp-json\/wp\/v2\/media?parent=112719"}],"wp:term":[{"taxonomy":"category","embeddable":true,"href":"https:\/\/diariodigitalmx.com\/index.php\/wp-json\/wp\/v2\/categories?post=112719"},{"taxonomy":"post_tag","embeddable":true,"href":"https:\/\/diariodigitalmx.com\/index.php\/wp-json\/wp\/v2\/tags?post=112719"}],"curies":[{"name":"wp","href":"https:\/\/api.w.org\/{rel}","templated":true}]}}