{"id":112742,"date":"2024-01-21T19:12:32","date_gmt":"2024-01-22T01:12:32","guid":{"rendered":"http:\/\/diariodigitalmx.com\/?p=112742"},"modified":"2024-01-21T19:13:52","modified_gmt":"2024-01-22T01:13:52","slug":"muere-jesus-reyes-heroles","status":"publish","type":"post","link":"https:\/\/diariodigitalmx.com\/index.php\/2024\/01\/21\/muere-jesus-reyes-heroles\/","title":{"rendered":"Muere Jes\u00fas Reyes Heroles"},"content":{"rendered":"\n<p>Falleci\u00f3 Jes\u00fas Reyes Heroles Gonz\u00e1lez-Garza, hijo de don Jes\u00fas Reyes Heroles, econom\u00edsta y funcionario en administraciones priistas y panistas. Ten\u00eda 71 a\u00f1os de edad<\/p>\n\n\n\n<p>El Instituto Reyes Heroles, organismo del Consejo Nacional del PRI creado en memoria de su padre, confirm\u00f3 el deceso a trav\u00e9s de su cuenta de X.<\/p>\n\n\n\n<p>Reyes Heroles Gonz\u00e1lez-Garza labor\u00f3 en los gobiernos de Miguel de Madrid, Carlos Salinas de Gortari, Ernesto Zedillo y Felipe Calder\u00f3n.<\/p>\n\n\n\n<p>Con De la Madrid fue secretario de Planeaci\u00f3n Hacendaria entre 1983 y 1988, y en el exenio de Salinas fue coordinador de asesores de SRE y director de Banobras.<\/p>\n\n\n\n<p>En la administraci\u00f3n de Zedillo fue secretario de Energ\u00eda y embajador en Estados Unidos, y en 2006, bajo el gobierno panista de Felipe Calder\u00f3n, fue director general de Petr\u00f3leos Mexicanos.<\/p>\n\n\n\n<p>El expresidente Felipe Calder\u00f3n se uni\u00f3 a las condolencias.<br>&#8220;Lamento profundamente la muerte de Jes\u00fas Reyes Heroles GG, destacado y honesto servidor p\u00fablico, Director General de Pemex durante el gobierno que tuve el honor de presidir. Mis sinceras condolencias a su familia. Descanse en paz&#8221;, escribi\u00f3 en su cuenta de X.<\/p>\n","protected":false},"excerpt":{"rendered":"<p>Falleci\u00f3 Jes\u00fas Reyes Heroles Gonz\u00e1lez-Garza, hijo de don Jes\u00fas Reyes Heroles, econom\u00edsta y funcionario en administraciones priistas y panistas. Ten\u00eda 71 a\u00f1os de edad El Instituto Reyes Heroles, organismo del Consejo Nacional del PRI creado en memoria de su padre, confirm\u00f3 el deceso a trav\u00e9s de su cuenta de X. Reyes Heroles Gonz\u00e1lez-Garza labor\u00f3 en [&hellip;]<\/p>\n","protected":false},"author":1,"featured_media":112744,"comment_status":"open","ping_status":"open","sticky":true,"template":"","format":"standard","meta":{"footnotes":""},"categories":[2,5],"tags":[],"_links":{"self":[{"href":"https:\/\/diariodigitalmx.com\/index.php\/wp-json\/wp\/v2\/posts\/112742"}],"collection":[{"href":"https:\/\/diariodigitalmx.com\/index.php\/wp-json\/wp\/v2\/posts"}],"about":[{"href":"https:\/\/diariodigitalmx.com\/index.php\/wp-json\/wp\/v2\/types\/post"}],"author":[{"embeddable":true,"href":"https:\/\/diariodigitalmx.com\/index.php\/wp-json\/wp\/v2\/users\/1"}],"replies":[{"embeddable":true,"href":"https:\/\/diariodigitalmx.com\/index.php\/wp-json\/wp\/v2\/comments?post=112742"}],"version-history":[{"count":2,"href":"https:\/\/diariodigitalmx.com\/index.php\/wp-json\/wp\/v2\/posts\/112742\/revisions"}],"predecessor-version":[{"id":112745,"href":"https:\/\/diariodigitalmx.com\/index.php\/wp-json\/wp\/v2\/posts\/112742\/revisions\/112745"}],"wp:featuredmedia":[{"embeddable":true,"href":"https:\/\/diariodigitalmx.com\/index.php\/wp-json\/wp\/v2\/media\/112744"}],"wp:attachment":[{"href":"https:\/\/diariodigitalmx.com\/index.php\/wp-json\/wp\/v2\/media?parent=112742"}],"wp:term":[{"taxonomy":"category","embeddable":true,"href":"https:\/\/diariodigitalmx.com\/index.php\/wp-json\/wp\/v2\/categories?post=112742"},{"taxonomy":"post_tag","embeddable":true,"href":"https:\/\/diariodigitalmx.com\/index.php\/wp-json\/wp\/v2\/tags?post=112742"}],"curies":[{"name":"wp","href":"https:\/\/api.w.org\/{rel}","templated":true}]}}