{"id":112825,"date":"2024-01-22T23:38:48","date_gmt":"2024-01-23T05:38:48","guid":{"rendered":"http:\/\/diariodigitalmx.com\/?p=112825"},"modified":"2024-01-22T23:39:54","modified_gmt":"2024-01-23T05:39:54","slug":"que-ha-sido-de-linda-blair-la-nina-del-exorcista","status":"publish","type":"post","link":"https:\/\/diariodigitalmx.com\/index.php\/2024\/01\/22\/que-ha-sido-de-linda-blair-la-nina-del-exorcista\/","title":{"rendered":"Qu\u00e9 ha sido de Linda Blair, la ni\u00f1a del Exorcista"},"content":{"rendered":"\n<figure class=\"wp-block-image size-full\"><img loading=\"lazy\" decoding=\"async\" width=\"400\" height=\"249\" src=\"http:\/\/diariodigitalmx.com\/wp-content\/uploads\/2024\/01\/images-13.jpeg\" alt=\"\" class=\"wp-image-112828\" srcset=\"https:\/\/diariodigitalmx.com\/wp-content\/uploads\/2024\/01\/images-13.jpeg 400w, https:\/\/diariodigitalmx.com\/wp-content\/uploads\/2024\/01\/images-13-300x187.jpeg 300w\" sizes=\"(max-width: 400px) 100vw, 400px\" \/><\/figure>\n\n\n\n<p>Linda Blair cumple 65 a\u00f1os y el p\u00fablico la sigue recordando por su actuaci\u00f3n de 1974 en &#8221; El Exorcista&#8221;.<\/p>\n\n\n\n<p>Ten\u00eda 14 a\u00f1os cuando protagoniz\u00f3 una cinta que aterraba desde el primer momento y que en el futuro se convertir\u00eda en una pel\u00edcula imprescindible no s\u00f3lo para su g\u00e9nero, sino para la historia del cine.<\/p>\n\n\n\n<p>El rostro de Blair como Regan MacNeil horroriz\u00f3 a todo un p\u00fablico, que en el fondo no sab\u00eda lo que hab\u00eda tenido que pasar la joven adolescente para conseguirlo<\/p>\n\n\n\n<p>La pel\u00edcula basada en la novela hom\u00f3nima de William Peter Blatty la llev\u00f3 a esfuerzos de la profesi\u00f3n que desconoc\u00eda.<br>Eileen Dietz, la doble de Blair, no fue tomada en cuenta por el director, lo que signific\u00f3 una carga de trabajo inevitable para Blair. Debido a los azotes y golpes en la espalda que su papel requer\u00eda en las escenas donde est\u00e1 pose\u00edda y espec\u00edficamente en las de levitaci\u00f3n, la actriz sufri\u00f3 una fractura en la espalda que tiempo despu\u00e9s deriv\u00f3 en escoliosis.<br>Por otra parte, tambi\u00e9n estuvo expuesta a bajas temperaturas en el set de filmaci\u00f3n, pues \u00e9ste se manten\u00eda a cero grados, as\u00ed como a las sesiones de horas diarias de maquillaje que termin\u00f3 siendo abrasivo a su piel.<br>Adem\u00e1s de las dificultades f\u00edsicas, la imagen de Linda Blair fue perseguida por los religiosos incluidos medios de comunicaci\u00f3n y personalidades como Bobby Graham un evangelista cristiano reconocido en todo Estados Unidos.<br>Linda Blair en 2004 fund\u00f3 Linda Blair WorldHeart Foundation, dedicada al rescate de animales maltratados y que combate el abandono en el estado de California.<\/p>\n","protected":false},"excerpt":{"rendered":"<p>Linda Blair cumple 65 a\u00f1os y el p\u00fablico la sigue recordando por su actuaci\u00f3n de 1974 en &#8221; El Exorcista&#8221;. Ten\u00eda 14 a\u00f1os cuando protagoniz\u00f3 una cinta que aterraba desde el primer momento y que en el futuro se convertir\u00eda en una pel\u00edcula imprescindible no s\u00f3lo para su g\u00e9nero, sino para la historia del cine. [&hellip;]<\/p>\n","protected":false},"author":1,"featured_media":112827,"comment_status":"open","ping_status":"open","sticky":true,"template":"","format":"standard","meta":{"footnotes":""},"categories":[14,9],"tags":[],"_links":{"self":[{"href":"https:\/\/diariodigitalmx.com\/index.php\/wp-json\/wp\/v2\/posts\/112825"}],"collection":[{"href":"https:\/\/diariodigitalmx.com\/index.php\/wp-json\/wp\/v2\/posts"}],"about":[{"href":"https:\/\/diariodigitalmx.com\/index.php\/wp-json\/wp\/v2\/types\/post"}],"author":[{"embeddable":true,"href":"https:\/\/diariodigitalmx.com\/index.php\/wp-json\/wp\/v2\/users\/1"}],"replies":[{"embeddable":true,"href":"https:\/\/diariodigitalmx.com\/index.php\/wp-json\/wp\/v2\/comments?post=112825"}],"version-history":[{"count":2,"href":"https:\/\/diariodigitalmx.com\/index.php\/wp-json\/wp\/v2\/posts\/112825\/revisions"}],"predecessor-version":[{"id":112829,"href":"https:\/\/diariodigitalmx.com\/index.php\/wp-json\/wp\/v2\/posts\/112825\/revisions\/112829"}],"wp:featuredmedia":[{"embeddable":true,"href":"https:\/\/diariodigitalmx.com\/index.php\/wp-json\/wp\/v2\/media\/112827"}],"wp:attachment":[{"href":"https:\/\/diariodigitalmx.com\/index.php\/wp-json\/wp\/v2\/media?parent=112825"}],"wp:term":[{"taxonomy":"category","embeddable":true,"href":"https:\/\/diariodigitalmx.com\/index.php\/wp-json\/wp\/v2\/categories?post=112825"},{"taxonomy":"post_tag","embeddable":true,"href":"https:\/\/diariodigitalmx.com\/index.php\/wp-json\/wp\/v2\/tags?post=112825"}],"curies":[{"name":"wp","href":"https:\/\/api.w.org\/{rel}","templated":true}]}}