{"id":112836,"date":"2024-01-23T06:40:41","date_gmt":"2024-01-23T12:40:41","guid":{"rendered":"http:\/\/diariodigitalmx.com\/?p=112836"},"modified":"2024-01-23T06:41:21","modified_gmt":"2024-01-23T12:41:21","slug":"temas-de-campana","status":"publish","type":"post","link":"https:\/\/diariodigitalmx.com\/index.php\/2024\/01\/23\/temas-de-campana\/","title":{"rendered":"Temas de campa\u00f1a"},"content":{"rendered":"\n<p>Ra\u00fal Guajardo Cant\u00fa<br>Nos gustar\u00eda vivir en un pa\u00eds en el cual los temas de campa\u00f1a tengan que ver con propuestas para elevar el nivel de vida de los ciudadanos, por desgracia no es as\u00ed. Las campa\u00f1as se han transformado en concursos de simpat\u00edas o, en el peor de los casos, de demolici\u00f3n, de ver qui\u00e9n golpea m\u00e1s fuerte al adversario, con raz\u00f3n o sin ella.<br>Aclaremos una cosa, no estamos en contra de las llamadas \u201ccampa\u00f1as negras\u201d, siempre y cuando se dirijan estas a la actuaci\u00f3n del contrario en su vida p\u00fablica, sin abarcar lo referente a su vida privada, se puede, y se debe, criticar a una persona que busca un puesto de elecci\u00f3n popular sacando a relucir lo que ha hecho mal en otros puestos, si ha tenido transacciones poco claras con relaci\u00f3n al manejo del presupuesto p\u00fablico, todo lo que tenga que ver con su trabajo en el sector p\u00fablico o privado forma parte de la ecuaci\u00f3n.<br>Inclusive tambi\u00e9n se vale atacar las actuaciones privadas cuando el atacado era parte del servicio p\u00fablico, por ejemplo un funcionario que se porta prepotente en sus horas fuera de oficina, comete alg\u00fan delito, falta administrativa o cuando pasado de copas quiere hacer gala de su poder en ese estado et\u00edlico.<br>Todo eso, creemos, se vale, porque reflejan la personalidad del individuo en tanto funcionario p\u00fablico, lo que creemos que no se vale es inventar. Lo que no se vale es lo que hoy se llama \u201cFake News\u201d, noticias con apariencia de verdad pero que son evidentes mentiras.<br>No somos ilusos, sabemos que en las pr\u00f3ximas campa\u00f1as los ataques ser\u00e1n m\u00e1s hacia este \u00faltimo tipo de noticias, que en las elecciones resulta cada vez m\u00e1s dif\u00edcil encontrar ejemplos de confrontaci\u00f3n de proyectos de sociedad a los cuales podemos aspirar los ciudadanos.<br>Dif\u00edcilmente encontraremos propuestas para mejorar la calidad de los servicios p\u00fablicos, propuestas para combatir en el largo plazo la sequ\u00eda que padecemos en Nuevo Le\u00f3n o superar la crisis de transporte que nos toca vivir, por no hablar de la movilidad tan deficiente en el estado que convierte las grandes avenidas en poco m\u00e1s que estacionamientos durante las cada vez m\u00e1s prolongadas horas pico.<br>No todo es culpa de los pol\u00edticos, tambi\u00e9n pasa por los ciudadanos que nos dejamos llevar por ese tipo de campa\u00f1as, en la medida en que exijamos que los funcionarios p\u00fablicos, desde el momento que buscan los puestos, trabajen en favor de todos y no solo de sus intereses.<br>Veremos cuales ser\u00e1n los temas de campa\u00f1a, aunque ya circulan por ah\u00ed algunos ejemplos de lo que ser\u00e1n estas, ejemplos del lodazal que nos espera.<\/p>\n","protected":false},"excerpt":{"rendered":"<p>Ra\u00fal Guajardo Cant\u00faNos gustar\u00eda vivir en un pa\u00eds en el cual los temas de campa\u00f1a tengan que ver con propuestas para elevar el nivel de vida de los ciudadanos, por desgracia no es as\u00ed. Las campa\u00f1as se han transformado en concursos de simpat\u00edas o, en el peor de los casos, de demolici\u00f3n, de ver qui\u00e9n [&hellip;]<\/p>\n","protected":false},"author":1,"featured_media":112838,"comment_status":"open","ping_status":"open","sticky":true,"template":"","format":"standard","meta":{"footnotes":""},"categories":[14,12],"tags":[],"_links":{"self":[{"href":"https:\/\/diariodigitalmx.com\/index.php\/wp-json\/wp\/v2\/posts\/112836"}],"collection":[{"href":"https:\/\/diariodigitalmx.com\/index.php\/wp-json\/wp\/v2\/posts"}],"about":[{"href":"https:\/\/diariodigitalmx.com\/index.php\/wp-json\/wp\/v2\/types\/post"}],"author":[{"embeddable":true,"href":"https:\/\/diariodigitalmx.com\/index.php\/wp-json\/wp\/v2\/users\/1"}],"replies":[{"embeddable":true,"href":"https:\/\/diariodigitalmx.com\/index.php\/wp-json\/wp\/v2\/comments?post=112836"}],"version-history":[{"count":1,"href":"https:\/\/diariodigitalmx.com\/index.php\/wp-json\/wp\/v2\/posts\/112836\/revisions"}],"predecessor-version":[{"id":112837,"href":"https:\/\/diariodigitalmx.com\/index.php\/wp-json\/wp\/v2\/posts\/112836\/revisions\/112837"}],"wp:featuredmedia":[{"embeddable":true,"href":"https:\/\/diariodigitalmx.com\/index.php\/wp-json\/wp\/v2\/media\/112838"}],"wp:attachment":[{"href":"https:\/\/diariodigitalmx.com\/index.php\/wp-json\/wp\/v2\/media?parent=112836"}],"wp:term":[{"taxonomy":"category","embeddable":true,"href":"https:\/\/diariodigitalmx.com\/index.php\/wp-json\/wp\/v2\/categories?post=112836"},{"taxonomy":"post_tag","embeddable":true,"href":"https:\/\/diariodigitalmx.com\/index.php\/wp-json\/wp\/v2\/tags?post=112836"}],"curies":[{"name":"wp","href":"https:\/\/api.w.org\/{rel}","templated":true}]}}