{"id":112928,"date":"2024-01-24T20:59:43","date_gmt":"2024-01-25T02:59:43","guid":{"rendered":"http:\/\/diariodigitalmx.com\/?p=112928"},"modified":"2024-01-24T21:00:55","modified_gmt":"2024-01-25T03:00:55","slug":"en-guerrero-menores-ingresan-a-policia-comunitaria","status":"publish","type":"post","link":"https:\/\/diariodigitalmx.com\/index.php\/2024\/01\/24\/en-guerrero-menores-ingresan-a-policia-comunitaria\/","title":{"rendered":"En Guerrero, menores ingresan a Polic\u00eda Comunitaria"},"content":{"rendered":"\n<p>Un grupo de 20 de menores de entre 12 y los 17 a\u00f1os de edad, de los cuales cinco son ni\u00f1as, fueron incorporados a la Polic\u00eda Comunitaria de Ayahualtempa, del Municipio de Jos\u00e9 Joaqu\u00edn Herrera, en la monta\u00f1a baja de Guerrero.<\/p>\n\n\n\n<figure class=\"wp-block-image size-full\"><img loading=\"lazy\" decoding=\"async\" width=\"640\" height=\"640\" src=\"http:\/\/diariodigitalmx.com\/wp-content\/uploads\/2024\/01\/IMG_20240124_205647_893.webp\" alt=\"\" class=\"wp-image-112932\" srcset=\"https:\/\/diariodigitalmx.com\/wp-content\/uploads\/2024\/01\/IMG_20240124_205647_893.webp 640w, https:\/\/diariodigitalmx.com\/wp-content\/uploads\/2024\/01\/IMG_20240124_205647_893-300x300.webp 300w, https:\/\/diariodigitalmx.com\/wp-content\/uploads\/2024\/01\/IMG_20240124_205647_893-150x150.webp 150w\" sizes=\"(max-width: 640px) 100vw, 640px\" \/><\/figure>\n\n\n\n<p>La dirigencia de la Polic\u00eda Comunitaria de la Coordinadora Regional de Autoridades Comunitarias Pueblos Fundadores (CRAC-PF) le tom\u00f3 la protesta en una asamblea comunitaria en la cancha de usos m\u00faltiples de esa comunidad nahua.<\/p>\n\n\n\n<p>&#8220;S\u00ed&#8221;, respondieron los menores que vest\u00edan playera verde, pantal\u00f3n azul, gorra negra, estaban embozados y portaban un rifle de bajo calibre en la mano, cuando el consejero de la CRAC-PF, Luis Morales, les pregunt\u00f3 si estaban dispuestos a defender los derechos de su pueblo.<\/p>\n\n\n\n<p>Algunos de los menores dijeron a ma prensa que tienen el respaldo de sus padres y que han aprendido a disparar desde hace tiempo.<\/p>\n\n\n\n<p>Actualmente los habitantes del lugar exigen sin respuesta alguna que el gobierno les ayude en la b\u00fasqueda y rescate del secuestro el 19 de ene4o de Cecilia Gaspar Hern\u00e1ndez, de 50 a\u00f1os; su esposo Jos\u00e9 Teodoro Domingo Ortiz, de 52 a\u00f1os, y sus hijos Roberto y Gaudencio, de 32 y 20 a\u00f1os, cuando reun\u00edan su ganado en un punto conocido como Zacatepec.<\/p>\n\n\n\n<p>Hombres armados se los llevaron<\/p>\n","protected":false},"excerpt":{"rendered":"<p>Un grupo de 20 de menores de entre 12 y los 17 a\u00f1os de edad, de los cuales cinco son ni\u00f1as, fueron incorporados a la Polic\u00eda Comunitaria de Ayahualtempa, del Municipio de Jos\u00e9 Joaqu\u00edn Herrera, en la monta\u00f1a baja de Guerrero. La dirigencia de la Polic\u00eda Comunitaria de la Coordinadora Regional de Autoridades Comunitarias Pueblos [&hellip;]<\/p>\n","protected":false},"author":1,"featured_media":112930,"comment_status":"open","ping_status":"open","sticky":true,"template":"","format":"standard","meta":{"footnotes":""},"categories":[2,3],"tags":[],"_links":{"self":[{"href":"https:\/\/diariodigitalmx.com\/index.php\/wp-json\/wp\/v2\/posts\/112928"}],"collection":[{"href":"https:\/\/diariodigitalmx.com\/index.php\/wp-json\/wp\/v2\/posts"}],"about":[{"href":"https:\/\/diariodigitalmx.com\/index.php\/wp-json\/wp\/v2\/types\/post"}],"author":[{"embeddable":true,"href":"https:\/\/diariodigitalmx.com\/index.php\/wp-json\/wp\/v2\/users\/1"}],"replies":[{"embeddable":true,"href":"https:\/\/diariodigitalmx.com\/index.php\/wp-json\/wp\/v2\/comments?post=112928"}],"version-history":[{"count":2,"href":"https:\/\/diariodigitalmx.com\/index.php\/wp-json\/wp\/v2\/posts\/112928\/revisions"}],"predecessor-version":[{"id":112933,"href":"https:\/\/diariodigitalmx.com\/index.php\/wp-json\/wp\/v2\/posts\/112928\/revisions\/112933"}],"wp:featuredmedia":[{"embeddable":true,"href":"https:\/\/diariodigitalmx.com\/index.php\/wp-json\/wp\/v2\/media\/112930"}],"wp:attachment":[{"href":"https:\/\/diariodigitalmx.com\/index.php\/wp-json\/wp\/v2\/media?parent=112928"}],"wp:term":[{"taxonomy":"category","embeddable":true,"href":"https:\/\/diariodigitalmx.com\/index.php\/wp-json\/wp\/v2\/categories?post=112928"},{"taxonomy":"post_tag","embeddable":true,"href":"https:\/\/diariodigitalmx.com\/index.php\/wp-json\/wp\/v2\/tags?post=112928"}],"curies":[{"name":"wp","href":"https:\/\/api.w.org\/{rel}","templated":true}]}}