{"id":112944,"date":"2024-01-25T08:20:35","date_gmt":"2024-01-25T14:20:35","guid":{"rendered":"http:\/\/diariodigitalmx.com\/?p=112944"},"modified":"2024-01-25T08:21:19","modified_gmt":"2024-01-25T14:21:19","slug":"temas-de-campana-ii","status":"publish","type":"post","link":"https:\/\/diariodigitalmx.com\/index.php\/2024\/01\/25\/temas-de-campana-ii\/","title":{"rendered":"Temas de campa\u00f1a II"},"content":{"rendered":"\n<p><br>Ra\u00fal Guajardo Cant\u00fa<br>Hace casi 8 a\u00f1os, durante la campa\u00f1a de Jaime Rodr\u00edguez Calder\u00f3n, uno de los temas m\u00e1s destacados fue el de la construcci\u00f3n del acueducto que traer\u00eda agua desde el r\u00edo P\u00e1nuco hasta el \u00e1rea metropolitana de Monterrey.<br>En ese entonces se entrecruzaron intereses de muy diversa especie para acusar al gobierno estatal, encabezado por Rodrigo Medina, y al federal liderado por Enrique Pe\u00f1a Nieto, de haber inflado los costos del proyecto y enriquecerse a costa de este.<br>Seg\u00fan algunas versiones, constructores que no se vieron favorecidos con segmentos de la obra, impulsaron las cr\u00edticas en contra del proyecto, pensando en que se podr\u00eda negociar para que el reparto se hiciera, no hubo tal, la obra simplemente se cancel\u00f3 y hoy el \u00e1rea metropolitana vive una de las sequ\u00edas m\u00e1s prolongadas, equiparable a las que hubo a mediados del siglo pasado en Nuevo Le\u00f3n.<br>Hoy sabemos que el agua m\u00e1s cara es la que no hay y amplios sectores de la comunidad est\u00e1n sufriendo por ello desde hace m\u00e1s de un a\u00f1o. Por cierto, entre los opositores al proyecto destacaba un joven diputado local que actualmente ocupa el cargo de gobernador constitucional del estado.<br>Traemos a colaci\u00f3n el tema del agua porque en aquella ocasi\u00f3n pesaron m\u00e1s los intereses particulares y pol\u00edticos que los de los ciudadanos, ya que para ese entonces ya se conoc\u00eda la sequ\u00eda que privaba en el sur de Estados Unidos, afectando y enfrentando a California y Nevada y se sab\u00eda que en breve afectar\u00eda al norte de nuestro pa\u00eds y el golpe seria, como es, muy fuerte sobre todo para una urbe como la nuestra con una gran concentraci\u00f3n poblacional.<br>Los problemas hoy, adem\u00e1s de este, van desde la contaminaci\u00f3n ambiental hasta la movilidad, pasando por la inseguridad y la sustentabilidad, soluciones existen, pero tambi\u00e9n intereses partidistas, por lo que esperamos que, en caso de que alguno de los partidos se oponga a cierto tipo de soluci\u00f3n de alguno de esos problemas, ofrezca alternativas viables y, en su caso, mejores en los aspectos econ\u00f3mico y de sustentabilidad.<br>Pero tambi\u00e9n que los ciudadanos estemos conscientes de las implicaciones de cada una de ellas y las votemos teniendo claridad en lo que pueden significar en el corto y el mediano plazo, al final de cuentas, todos formamos parte de la democracia, la construimos d\u00eda a d\u00eda con nuestras acciones.<br>No se vale despu\u00e9s salir con que no era nuestra intenci\u00f3n y alegar que \u201cno pod\u00eda saberse\u201d.<\/p>\n","protected":false},"excerpt":{"rendered":"<p>Ra\u00fal Guajardo Cant\u00faHace casi 8 a\u00f1os, durante la campa\u00f1a de Jaime Rodr\u00edguez Calder\u00f3n, uno de los temas m\u00e1s destacados fue el de la construcci\u00f3n del acueducto que traer\u00eda agua desde el r\u00edo P\u00e1nuco hasta el \u00e1rea metropolitana de Monterrey.En ese entonces se entrecruzaron intereses de muy diversa especie para acusar al gobierno estatal, encabezado por [&hellip;]<\/p>\n","protected":false},"author":1,"featured_media":112946,"comment_status":"open","ping_status":"open","sticky":true,"template":"","format":"standard","meta":{"footnotes":""},"categories":[14,12],"tags":[],"_links":{"self":[{"href":"https:\/\/diariodigitalmx.com\/index.php\/wp-json\/wp\/v2\/posts\/112944"}],"collection":[{"href":"https:\/\/diariodigitalmx.com\/index.php\/wp-json\/wp\/v2\/posts"}],"about":[{"href":"https:\/\/diariodigitalmx.com\/index.php\/wp-json\/wp\/v2\/types\/post"}],"author":[{"embeddable":true,"href":"https:\/\/diariodigitalmx.com\/index.php\/wp-json\/wp\/v2\/users\/1"}],"replies":[{"embeddable":true,"href":"https:\/\/diariodigitalmx.com\/index.php\/wp-json\/wp\/v2\/comments?post=112944"}],"version-history":[{"count":1,"href":"https:\/\/diariodigitalmx.com\/index.php\/wp-json\/wp\/v2\/posts\/112944\/revisions"}],"predecessor-version":[{"id":112945,"href":"https:\/\/diariodigitalmx.com\/index.php\/wp-json\/wp\/v2\/posts\/112944\/revisions\/112945"}],"wp:featuredmedia":[{"embeddable":true,"href":"https:\/\/diariodigitalmx.com\/index.php\/wp-json\/wp\/v2\/media\/112946"}],"wp:attachment":[{"href":"https:\/\/diariodigitalmx.com\/index.php\/wp-json\/wp\/v2\/media?parent=112944"}],"wp:term":[{"taxonomy":"category","embeddable":true,"href":"https:\/\/diariodigitalmx.com\/index.php\/wp-json\/wp\/v2\/categories?post=112944"},{"taxonomy":"post_tag","embeddable":true,"href":"https:\/\/diariodigitalmx.com\/index.php\/wp-json\/wp\/v2\/tags?post=112944"}],"curies":[{"name":"wp","href":"https:\/\/api.w.org\/{rel}","templated":true}]}}