{"id":112956,"date":"2024-01-25T13:19:28","date_gmt":"2024-01-25T19:19:28","guid":{"rendered":"http:\/\/diariodigitalmx.com\/?p=112956"},"modified":"2024-01-25T13:21:52","modified_gmt":"2024-01-25T19:21:52","slug":"perla-iveth-desaparecio-en-noviembre-pasado-encuentran-su-cuerpo-y-familia-pide-justicia","status":"publish","type":"post","link":"https:\/\/diariodigitalmx.com\/index.php\/2024\/01\/25\/perla-iveth-desaparecio-en-noviembre-pasado-encuentran-su-cuerpo-y-familia-pide-justicia\/","title":{"rendered":"Perla Iveth desapareci\u00f3 en noviembre pasado; encuentran su cuerpo y familia pide justicia"},"content":{"rendered":"\n<figure class=\"wp-block-video\"><video controls src=\"http:\/\/diariodigitalmx.com\/wp-content\/uploads\/2024\/01\/FDownloader.net-1040830693808375-1080p.mp4\"><\/video><\/figure>\n\n\n\n<p>Monterrey . &#8211; Perla Iveth Rangel S\u00e1nchez desapareci\u00f3 el 18 de noviembre del 2023; su cuerpo fue encontrado a 120 kil\u00f3metros al norte de Monterrey, en em municipio de Vallecillo.<br>&#8220;Te encontr\u00e9 mami, no de la forma que me gustar\u00eda pero te encontr\u00e9, te promet\u00ed que te encontrar\u00eda y ahora no descansar\u00e9 hasta tener justicia por ti&#8221;, p\u00fablico su hija Mary Cano, en la p\u00e1gina de Facebook #JusticiaparaPerla que hab\u00edan creado para tratarla de localizarla.<\/p>\n\n\n\n<figure class=\"wp-block-image size-full\"><img loading=\"lazy\" decoding=\"async\" width=\"691\" height=\"773\" src=\"http:\/\/diariodigitalmx.com\/wp-content\/uploads\/2024\/01\/IMG_20240125_131707_833.webp\" alt=\"\" class=\"wp-image-112963\" srcset=\"https:\/\/diariodigitalmx.com\/wp-content\/uploads\/2024\/01\/IMG_20240125_131707_833.webp 691w, https:\/\/diariodigitalmx.com\/wp-content\/uploads\/2024\/01\/IMG_20240125_131707_833-268x300.webp 268w\" sizes=\"(max-width: 691px) 100vw, 691px\" \/><\/figure>\n\n\n\n<p>Los restos fueron localizados el pasado fin de semana en la comunidad Palo Alto, en Vallecillo, y la Fiscal\u00eda de Justicia confirm\u00f3 este jueves que corresponden a la mujer que desapareci\u00f3 acompa\u00f1ada de<br>su ex pareja, un ex polic\u00eda de Fuerza Civil que est\u00e1 pr\u00f3fugo.<br>&#8220;El dictamen de estudio genetico practicado a restos humanos localizados en Vallecillo N.L. confirma:<br>Son concordantes a la muestra de ADN proporcionada por familiares para su identificaci\u00f3n positiva como los de la C. Perla Iveth Rangel S\u00e1nchez&#8221;, confirm\u00f3 la autoridad.<br>Los restos de una mujer fueton localizados el viernes en el kil\u00f3metro 0.4 de la Carretera a San Carlos, en la Comunidad Palo Alto, en Vallecillo, municipio rural cercano a la frontera tamaulipeca y texana.<br>DESAPARICION<br>El s\u00e1bado 18 de noviembre de 2023, Perla Iveth, de 35 a\u00f1os, fue vista por \u00faltima vez en el bar La Mitotera, junto con su ex pareja el ex polic\u00eda de Fuerza Civil, David Alejandro, y seg\u00fan testigos, luego de convivir se la llev\u00f3; la familia la busc\u00f3 ese mismo d\u00eda y<br>denunciaron que la ubicaci\u00f3n que les reportaba el celular de Perla Iveth era en el municipio de Vallecillo.<br>La familia acudi\u00f3 a presentar la denuncia ante la Fiscal\u00eda donde proporcionaron informaci\u00f3n acerca de la pareja y solicitaron acudir a Vallecillo, ya que estaba en riesgo la vida de la mujer.<br>Sin embargo, en la Agencia Estatal de Investigaciones les dijeron que no pod\u00edan acudir a Vallecillo y les advirtieron que ellos tampoco fueran, ya que era una zona muy peligrosa, por eso no se hizo la b\u00fasqueda inmediata, por lo que utilizaron redes sociales para localizar a la mujer.<br>En la p\u00e1gina de #JusticiaparaPerla, los familiares compartieron fotograf\u00edas de la \u00faltima vez que fue vista la mujer y el ex polic\u00eda, as\u00ed como de la camioneta en la que se la llev\u00f3.<br>Ahora, la familia de Perla Iveth exige justicia a las autoridades, y acusan aque el mismo d\u00eda de su desaparici\u00f3n proporcionaron datos que el hombre se la hab\u00eda llevado al mencionado municipio, pero no se hizo nada.<\/p>\n","protected":false},"excerpt":{"rendered":"<p>Monterrey . &#8211; Perla Iveth Rangel S\u00e1nchez desapareci\u00f3 el 18 de noviembre del 2023; su cuerpo fue encontrado a 120 kil\u00f3metros al norte de Monterrey, en em municipio de Vallecillo.&#8220;Te encontr\u00e9 mami, no de la forma que me gustar\u00eda pero te encontr\u00e9, te promet\u00ed que te encontrar\u00eda y ahora no descansar\u00e9 hasta tener justicia por [&hellip;]<\/p>\n","protected":false},"author":1,"featured_media":112958,"comment_status":"open","ping_status":"open","sticky":true,"template":"","format":"standard","meta":{"footnotes":""},"categories":[3,7],"tags":[],"_links":{"self":[{"href":"https:\/\/diariodigitalmx.com\/index.php\/wp-json\/wp\/v2\/posts\/112956"}],"collection":[{"href":"https:\/\/diariodigitalmx.com\/index.php\/wp-json\/wp\/v2\/posts"}],"about":[{"href":"https:\/\/diariodigitalmx.com\/index.php\/wp-json\/wp\/v2\/types\/post"}],"author":[{"embeddable":true,"href":"https:\/\/diariodigitalmx.com\/index.php\/wp-json\/wp\/v2\/users\/1"}],"replies":[{"embeddable":true,"href":"https:\/\/diariodigitalmx.com\/index.php\/wp-json\/wp\/v2\/comments?post=112956"}],"version-history":[{"count":3,"href":"https:\/\/diariodigitalmx.com\/index.php\/wp-json\/wp\/v2\/posts\/112956\/revisions"}],"predecessor-version":[{"id":112964,"href":"https:\/\/diariodigitalmx.com\/index.php\/wp-json\/wp\/v2\/posts\/112956\/revisions\/112964"}],"wp:featuredmedia":[{"embeddable":true,"href":"https:\/\/diariodigitalmx.com\/index.php\/wp-json\/wp\/v2\/media\/112958"}],"wp:attachment":[{"href":"https:\/\/diariodigitalmx.com\/index.php\/wp-json\/wp\/v2\/media?parent=112956"}],"wp:term":[{"taxonomy":"category","embeddable":true,"href":"https:\/\/diariodigitalmx.com\/index.php\/wp-json\/wp\/v2\/categories?post=112956"},{"taxonomy":"post_tag","embeddable":true,"href":"https:\/\/diariodigitalmx.com\/index.php\/wp-json\/wp\/v2\/tags?post=112956"}],"curies":[{"name":"wp","href":"https:\/\/api.w.org\/{rel}","templated":true}]}}