{"id":112968,"date":"2024-01-25T15:11:57","date_gmt":"2024-01-25T21:11:57","guid":{"rendered":"http:\/\/diariodigitalmx.com\/?p=112968"},"modified":"2024-01-25T15:12:43","modified_gmt":"2024-01-25T21:12:43","slug":"el-diablo-asaltaba-pasajeros-en-taxi-de-didi","status":"publish","type":"post","link":"https:\/\/diariodigitalmx.com\/index.php\/2024\/01\/25\/el-diablo-asaltaba-pasajeros-en-taxi-de-didi\/","title":{"rendered":"El Diablo asaltaba pasajeros en taxi de DIDI"},"content":{"rendered":"\n<p>Lo atracos fueron en distintos municipios, pero ya fue capturado por la polic\u00eda de San Nicol\u00e1s, debido a que fue identificado por las c\u00e1maras de seguridad del C-4.<br>Fue identificado el ladr\u00f3n comk Miguel D., de 34 a\u00f1os, apodado &#8220;El Diablo&#8221;, quien cuenta con varios robos con violencia, inform\u00f3 la Secretar\u00eda de Seguridad P\u00fablica municipal en San Nicol\u00e1s.<\/p>\n\n\n\n<p>El martes 23 conduc\u00eda un veh\u00edculo Nissan Versa 2021, por la Avenida Manuel L. Barrag\u00e1n y la calle Universidad Aut\u00f3noma de Nuevo Le\u00f3n, en la Colonia Villa Universidad, cuando el sistema de c\u00e1maras del monitoreo de seguridad detect\u00f3 que las placas SLX 859B ten\u00edan reporte de robo en el municipio de Salinas Victoria.<\/p>\n\n\n\n<p>Con la alerta activada, los polic\u00edas coparon al auto y detuvieron al Diablo que fue llevada a encerrar a Seguridad P\u00fablica, donde, tras la investigaci\u00f3n, adem\u00e1s del robo del auto Versa en el que se desplazaba, encontraron otras denuncias como un asalto a una persona, a quien lo despoj\u00f3 de joyer\u00eda, cartera y celular, en la Colonia Balcones de An\u00e1huac.<\/p>\n\n\n\n<p>Tambi\u00e9n robo junto a otros c\u00f3mplices, una residencia en la Colonia Roble 1 Sector, donde obtuvo joyer\u00eda y dinero en efectivo.<\/p>\n\n\n\n<p>El Diablo dijo ser taxista de la plataforma Didi y usaba los taxis para asaltar a personas y domicilios junto con otro c\u00f3mplice apodado &#8220;El Donald&#8221;, quien esta pr\u00f3fugo.<\/p>\n\n\n\n<p>El detenido fue puesto a disposici\u00f3n de una Agencia del Ministerio P\u00fablico, y se espera que salgan m\u00e1s afectados del &#8220;El Diablo&#8221;.<\/p>\n","protected":false},"excerpt":{"rendered":"<p>Lo atracos fueron en distintos municipios, pero ya fue capturado por la polic\u00eda de San Nicol\u00e1s, debido a que fue identificado por las c\u00e1maras de seguridad del C-4.Fue identificado el ladr\u00f3n comk Miguel D., de 34 a\u00f1os, apodado &#8220;El Diablo&#8221;, quien cuenta con varios robos con violencia, inform\u00f3 la Secretar\u00eda de Seguridad P\u00fablica municipal en [&hellip;]<\/p>\n","protected":false},"author":1,"featured_media":112970,"comment_status":"open","ping_status":"open","sticky":true,"template":"","format":"standard","meta":{"footnotes":""},"categories":[5,7],"tags":[],"_links":{"self":[{"href":"https:\/\/diariodigitalmx.com\/index.php\/wp-json\/wp\/v2\/posts\/112968"}],"collection":[{"href":"https:\/\/diariodigitalmx.com\/index.php\/wp-json\/wp\/v2\/posts"}],"about":[{"href":"https:\/\/diariodigitalmx.com\/index.php\/wp-json\/wp\/v2\/types\/post"}],"author":[{"embeddable":true,"href":"https:\/\/diariodigitalmx.com\/index.php\/wp-json\/wp\/v2\/users\/1"}],"replies":[{"embeddable":true,"href":"https:\/\/diariodigitalmx.com\/index.php\/wp-json\/wp\/v2\/comments?post=112968"}],"version-history":[{"count":1,"href":"https:\/\/diariodigitalmx.com\/index.php\/wp-json\/wp\/v2\/posts\/112968\/revisions"}],"predecessor-version":[{"id":112969,"href":"https:\/\/diariodigitalmx.com\/index.php\/wp-json\/wp\/v2\/posts\/112968\/revisions\/112969"}],"wp:featuredmedia":[{"embeddable":true,"href":"https:\/\/diariodigitalmx.com\/index.php\/wp-json\/wp\/v2\/media\/112970"}],"wp:attachment":[{"href":"https:\/\/diariodigitalmx.com\/index.php\/wp-json\/wp\/v2\/media?parent=112968"}],"wp:term":[{"taxonomy":"category","embeddable":true,"href":"https:\/\/diariodigitalmx.com\/index.php\/wp-json\/wp\/v2\/categories?post=112968"},{"taxonomy":"post_tag","embeddable":true,"href":"https:\/\/diariodigitalmx.com\/index.php\/wp-json\/wp\/v2\/tags?post=112968"}],"curies":[{"name":"wp","href":"https:\/\/api.w.org\/{rel}","templated":true}]}}