{"id":113046,"date":"2024-01-28T14:36:25","date_gmt":"2024-01-28T20:36:25","guid":{"rendered":"http:\/\/diariodigitalmx.com\/?p=113046"},"modified":"2024-01-28T14:42:51","modified_gmt":"2024-01-28T20:42:51","slug":"fuera-refineria-de-cadereyta-exigen-protestan-en-monterrey","status":"publish","type":"post","link":"https:\/\/diariodigitalmx.com\/index.php\/2024\/01\/28\/fuera-refineria-de-cadereyta-exigen-protestan-en-monterrey\/","title":{"rendered":"Fuera refiner\u00eda de Cadereyta exigen; protestan en Monterrey"},"content":{"rendered":"\n<figure class=\"wp-block-image size-large\"><img loading=\"lazy\" decoding=\"async\" width=\"768\" height=\"1024\" src=\"http:\/\/diariodigitalmx.com\/wp-content\/uploads\/2024\/01\/20240128_110317-768x1024.jpg\" alt=\"\" class=\"wp-image-113052\" srcset=\"https:\/\/diariodigitalmx.com\/wp-content\/uploads\/2024\/01\/20240128_110317-768x1024.jpg 768w, https:\/\/diariodigitalmx.com\/wp-content\/uploads\/2024\/01\/20240128_110317-225x300.jpg 225w, https:\/\/diariodigitalmx.com\/wp-content\/uploads\/2024\/01\/20240128_110317-1152x1536.jpg 1152w, https:\/\/diariodigitalmx.com\/wp-content\/uploads\/2024\/01\/20240128_110317-1536x2048.jpg 1536w, https:\/\/diariodigitalmx.com\/wp-content\/uploads\/2024\/01\/20240128_110317-scaled.jpg 1920w\" sizes=\"(max-width: 768px) 100vw, 768px\" \/><\/figure>\n\n\n\n<p>Monterrey . &#8211; Colectivos ambientalistas y ciudadanos exigieron aqu\u00ed la salida de la refiner\u00eda de Pemex en Cadereyta y pidieron al gobierno acciones concretas para enfrentar los altos \u00edndices de contaminaci\u00f3n en la zona metropolitana de Monterrey.<br>Tambi\u00e9n dijeron que el gobierno del estado sigue en deuda con los ciudadanos pues hay otras fuentes de contaminaci\u00f3n en la ciudad que requieren de soluci\u00f3n.<\/p>\n\n\n\n<figure class=\"wp-block-gallery has-nested-images columns-default is-cropped wp-block-gallery-1 is-layout-flex wp-block-gallery-is-layout-flex\">\n<figure class=\"wp-block-image size-large\"><img loading=\"lazy\" decoding=\"async\" width=\"1024\" height=\"767\" data-id=\"113053\" src=\"http:\/\/diariodigitalmx.com\/wp-content\/uploads\/2024\/01\/IMG_20240128_133854_302-1024x767.webp\" alt=\"\" class=\"wp-image-113053\" srcset=\"https:\/\/diariodigitalmx.com\/wp-content\/uploads\/2024\/01\/IMG_20240128_133854_302-1024x767.webp 1024w, https:\/\/diariodigitalmx.com\/wp-content\/uploads\/2024\/01\/IMG_20240128_133854_302-300x225.webp 300w, https:\/\/diariodigitalmx.com\/wp-content\/uploads\/2024\/01\/IMG_20240128_133854_302-768x575.webp 768w, https:\/\/diariodigitalmx.com\/wp-content\/uploads\/2024\/01\/IMG_20240128_133854_302.webp 1080w\" sizes=\"(max-width: 1024px) 100vw, 1024px\" \/><\/figure>\n\n\n\n<figure class=\"wp-block-image size-large\"><img loading=\"lazy\" decoding=\"async\" width=\"1024\" height=\"767\" data-id=\"113054\" src=\"http:\/\/diariodigitalmx.com\/wp-content\/uploads\/2024\/01\/IMG_20240128_133854_485-1024x767.webp\" alt=\"\" class=\"wp-image-113054\" srcset=\"https:\/\/diariodigitalmx.com\/wp-content\/uploads\/2024\/01\/IMG_20240128_133854_485-1024x767.webp 1024w, https:\/\/diariodigitalmx.com\/wp-content\/uploads\/2024\/01\/IMG_20240128_133854_485-300x225.webp 300w, https:\/\/diariodigitalmx.com\/wp-content\/uploads\/2024\/01\/IMG_20240128_133854_485-768x575.webp 768w, https:\/\/diariodigitalmx.com\/wp-content\/uploads\/2024\/01\/IMG_20240128_133854_485.webp 1080w\" sizes=\"(max-width: 1024px) 100vw, 1024px\" \/><\/figure>\n<\/figure>\n\n\n\n<p>En un plant\u00f3n de una hora en la Explanada de los H\u00e9roes frente al Palacio de Gobierno estatal, lanzaron consignas contra la paraestatal, a la que acusaron de ser la principal contaminante con sus emisiones sucias.<br>Todos vistieron de negro y con carteles hechos de material reciclable dieron mensajes: &#8220;Necesitamos aire limpio&#8221;,&#8221;no es polen es azufre&#8221;, &#8220;fuera Pemex&#8221;, &#8220;aire limpio igual a libertad&#8221;, &#8220;queremos aire puro&#8221;, &#8220;queremos respirar este aire es criminal&#8221;, se le\u00eda, consignas que tambi\u00e9n corearon.<\/p>\n\n\n\n<figure class=\"wp-block-image size-large\"><img loading=\"lazy\" decoding=\"async\" width=\"1024\" height=\"767\" src=\"http:\/\/diariodigitalmx.com\/wp-content\/uploads\/2024\/01\/IMG_20240128_133854_485-1-1024x767.webp\" alt=\"\" class=\"wp-image-113056\" srcset=\"https:\/\/diariodigitalmx.com\/wp-content\/uploads\/2024\/01\/IMG_20240128_133854_485-1-1024x767.webp 1024w, https:\/\/diariodigitalmx.com\/wp-content\/uploads\/2024\/01\/IMG_20240128_133854_485-1-300x225.webp 300w, https:\/\/diariodigitalmx.com\/wp-content\/uploads\/2024\/01\/IMG_20240128_133854_485-1-768x575.webp 768w, https:\/\/diariodigitalmx.com\/wp-content\/uploads\/2024\/01\/IMG_20240128_133854_485-1.webp 1080w\" sizes=\"(max-width: 1024px) 100vw, 1024px\" \/><\/figure>\n\n\n\n<p>En el evento estuvo entre la gente el Secretario de Medio Ambiente estatal, Alfonso Mart\u00ednez Mu\u00f1oz, quien ha encabezado denuncias contra la refiner\u00eda<br>para exigir la reducci\u00f3n de emisiones contaminantes, pero ahora declin\u00f3 hablar.<br>Mariana Pe\u00f1a a nombre de los diversos colectivos y asistentes dio un mensaje, rechaz\u00f3 los combustibles f\u00f3siles y acus\u00f3 que la refiner\u00eda de Cadereyta es la principal fuente de contaminaci\u00f3n hasta con un 90 por ciento.<\/p>\n\n\n\n<figure class=\"wp-block-image size-large\"><img loading=\"lazy\" decoding=\"async\" width=\"1024\" height=\"768\" src=\"http:\/\/diariodigitalmx.com\/wp-content\/uploads\/2024\/01\/20240128_111005-1024x768.jpg\" alt=\"\" class=\"wp-image-113058\" srcset=\"https:\/\/diariodigitalmx.com\/wp-content\/uploads\/2024\/01\/20240128_111005-1024x768.jpg 1024w, https:\/\/diariodigitalmx.com\/wp-content\/uploads\/2024\/01\/20240128_111005-300x225.jpg 300w, https:\/\/diariodigitalmx.com\/wp-content\/uploads\/2024\/01\/20240128_111005-768x576.jpg 768w, https:\/\/diariodigitalmx.com\/wp-content\/uploads\/2024\/01\/20240128_111005-1536x1152.jpg 1536w, https:\/\/diariodigitalmx.com\/wp-content\/uploads\/2024\/01\/20240128_111005-2048x1536.jpg 2048w\" sizes=\"(max-width: 1024px) 100vw, 1024px\" \/><\/figure>\n\n\n\n<p>&#8220;No podemos apostar a combustibles f\u00f3siles, M\u00e9xico tuvo en 1991 una experiencia en Azcapotzalco, y fue en gran mediida a la movilizaci\u00f3n de ciudadanos y de gobernantes que atendieron el llamado&#8221;, expuso al referirse del retiro de aquella refiner\u00eda.<br>Record\u00f3 que M\u00e9xico ha firmado acuerdos internacionales que obligan al pa\u00eds a transitar a energias limpias de manera progresiva, ordenada y justa. Si es posible una transici\u00f3n ordenada y progresiva basada en la justicia social, a\u00f1adi\u00f3.<br>Hay tambi\u00e9n industrias que contaminan Monterrey, pero hay que empezar por partes, Resulta incongruente exigir al sector privado cuando el gobierno federal no cumple los criterios, mencion\u00f3 Pe\u00f1a.<br>En la zona metropolitana regiomontana casi el 80 por ciento de los d\u00edas de los \u00faltimos 5 a\u00f1os han sido con aire muy contaminado y en 2023 las autoridades emitieron 10 alertas ambientales, mientras en este 2024 ya va una.<br>Colectivos ambientalistas y la Secretar\u00eda del Medio Ambiente ha exigido a la refiner\u00eda de Pemex que les de un informe de sus emisiones y le ha requerido sobre su operaci\u00f3n, pero ma empresa las ha cerrado la puerta y no los deja pasar.<\/p>\n","protected":false},"excerpt":{"rendered":"<p>Monterrey . &#8211; Colectivos ambientalistas y ciudadanos exigieron aqu\u00ed la salida de la refiner\u00eda de Pemex en Cadereyta y pidieron al gobierno acciones concretas para enfrentar los altos \u00edndices de contaminaci\u00f3n en la zona metropolitana de Monterrey.Tambi\u00e9n dijeron que el gobierno del estado sigue en deuda con los ciudadanos pues hay otras fuentes de contaminaci\u00f3n [&hellip;]<\/p>\n","protected":false},"author":1,"featured_media":113048,"comment_status":"open","ping_status":"open","sticky":true,"template":"","format":"standard","meta":{"footnotes":""},"categories":[6,3],"tags":[],"_links":{"self":[{"href":"https:\/\/diariodigitalmx.com\/index.php\/wp-json\/wp\/v2\/posts\/113046"}],"collection":[{"href":"https:\/\/diariodigitalmx.com\/index.php\/wp-json\/wp\/v2\/posts"}],"about":[{"href":"https:\/\/diariodigitalmx.com\/index.php\/wp-json\/wp\/v2\/types\/post"}],"author":[{"embeddable":true,"href":"https:\/\/diariodigitalmx.com\/index.php\/wp-json\/wp\/v2\/users\/1"}],"replies":[{"embeddable":true,"href":"https:\/\/diariodigitalmx.com\/index.php\/wp-json\/wp\/v2\/comments?post=113046"}],"version-history":[{"count":3,"href":"https:\/\/diariodigitalmx.com\/index.php\/wp-json\/wp\/v2\/posts\/113046\/revisions"}],"predecessor-version":[{"id":113059,"href":"https:\/\/diariodigitalmx.com\/index.php\/wp-json\/wp\/v2\/posts\/113046\/revisions\/113059"}],"wp:featuredmedia":[{"embeddable":true,"href":"https:\/\/diariodigitalmx.com\/index.php\/wp-json\/wp\/v2\/media\/113048"}],"wp:attachment":[{"href":"https:\/\/diariodigitalmx.com\/index.php\/wp-json\/wp\/v2\/media?parent=113046"}],"wp:term":[{"taxonomy":"category","embeddable":true,"href":"https:\/\/diariodigitalmx.com\/index.php\/wp-json\/wp\/v2\/categories?post=113046"},{"taxonomy":"post_tag","embeddable":true,"href":"https:\/\/diariodigitalmx.com\/index.php\/wp-json\/wp\/v2\/tags?post=113046"}],"curies":[{"name":"wp","href":"https:\/\/api.w.org\/{rel}","templated":true}]}}