{"id":113070,"date":"2024-01-28T16:54:17","date_gmt":"2024-01-28T22:54:17","guid":{"rendered":"http:\/\/diariodigitalmx.com\/?p=113070"},"modified":"2024-01-28T16:55:07","modified_gmt":"2024-01-28T22:55:07","slug":"la-falta-de-salud-mental-nos-hace-mas-vulnerables","status":"publish","type":"post","link":"https:\/\/diariodigitalmx.com\/index.php\/2024\/01\/28\/la-falta-de-salud-mental-nos-hace-mas-vulnerables\/","title":{"rendered":"La falta de salud mental, nos hace m\u00e1s vulnerables"},"content":{"rendered":"\n<p><br>La Organizaci\u00f3n Mundial de la Salud (OMS) define salud mental como: \u201cUn estado de bienestar en el cual el individuo es consciente de sus propias capacidades, puede afrontar las tensiones normales de la vida, puede trabajar de forma productiva y fruct\u00edfera y es capaz de hacer una contribuci\u00f3n a su comunidad\u201d.<br>A la persona que padece la falta de salud mental; as\u00ed como a las personas que rod\u00e9amos a la persona que tiene alguna enfermedad mental, nos pone en un estado de vulnerabilidad. A los enfermos por la falta de control y manejo de sus emociones, a los que los rodean podr\u00edan ser v\u00edctimas de alg\u00fan atentado violento.<br>As\u00ed fue el caso que vivimos hace seis a\u00f1os en Nuevo Le\u00f3n, la tragedia en un colegio particular al sur de nuestro estado. Un joven que estaba bajo tratamiento psicol\u00f3gico medicado, atent\u00f3 contra la vida de su maestra y compa\u00f1eros para posteriormente \u00e9l quitarse la vida.<br>La situaci\u00f3n no solo no ha mejorado, sino que hemos visto m\u00e1s incidentes en las escuelas de Nuevo Le\u00f3n, tanto p\u00fablicas como particulares.<br>El pasado viernes en una preparatoria de la UANL un joven de 16 a\u00f1os atent\u00f3 contra la vida de una compa\u00f1era, caus\u00e1ndole heridas que la mandaron al hospital.<br>Esta falta de salud socio emocional, es muy grave que no la podamos detectar, identificar y prevenir. Al d\u00eda de hoy estos actos de violencia entre los estudiantes de la comunidad estudiantil contin\u00faan y se estima de acuerdo a los especialistas que estos casos se presentan en cascada\u2026 as\u00ed lo advirtieron los especialistas en el 2017. Fue cuando se inici\u00f3 un programa piloto para medir la salud socio emocional de estudiantes de primaria mayor y secundaria, bajo la direcci\u00f3n del entonces secretario de educaci\u00f3n Arturo Estrada, desafortunadamente los cambios de gobierno y de administraci\u00f3n en su supuesto intento de mejorar y dejar su \u201csello\u201d en nuevos proyectos; dejan de lado programas de excelencia que lo \u00fanico que pretenden es proteger a los ni\u00f1os, ni\u00f1as y adolescentes.<br>Si los padres de Familia fallamos en revisar y diagnosticar a tiempo alguna situaci\u00f3n de riesgo en la salud mental o emocional de nuestros hijos; al menos las autoridades educativas y de salud lo deber\u00edan prevenir.<br>Ya son muchos casos en los que los ni\u00f1os, ni\u00f1as y adolescentes introducen armas, medicamento controlados, machetes, navajas, etc. y pareciera que no pasa nada.<br>Seguramente la autoridad en turno tendr\u00e1 su programa de atenci\u00f3n a la salud mental, pero solo ellos y su c\u00edrculo lo conocen.<br>De existir alg\u00fan instrumento que mida y eval\u00fae c\u00f3mo prevenci\u00f3n; no estar\u00edamos viendo los acontecimientos de atentados en las escuelas.<br>Reitero como hace seis a\u00f1os; programas como MOCHILA SEGURA es indispensable en estos momentos de crisis y violencia silenciosa no identificada.<br>Primero invito a los padres de familia a hablar, observar y conocer la salud mental y emocional de sus hijos.<br>Buscar ayuda de especialistas como psic\u00f3logos, y orientadores familiares.<br>Segundo: solicito a las autoridades de salud y educaci\u00f3n la urgente implementaci\u00f3n de la herramienta de medici\u00f3n de la salud socio emocional de los ni\u00f1os, ni\u00f1as y adolescentes de todo el sistema educativo; esto es desde pre escolar hasta universidad.<br>Tercero: legisladores, otorguen el presupuesto necesario para que exista la figura de Psicol\u00f3go en las escuelas p\u00fablicas para todos los niveles de educaci\u00f3n de Nuevo Le\u00f3n.<br>Instituto nacional de consultor\u00eda familiar<br>Luz Mar\u00eda Ortiz Quintos.<\/p>\n","protected":false},"excerpt":{"rendered":"<p>La Organizaci\u00f3n Mundial de la Salud (OMS) define salud mental como: \u201cUn estado de bienestar en el cual el individuo es consciente de sus propias capacidades, puede afrontar las tensiones normales de la vida, puede trabajar de forma productiva y fruct\u00edfera y es capaz de hacer una contribuci\u00f3n a su comunidad\u201d.A la persona que padece [&hellip;]<\/p>\n","protected":false},"author":1,"featured_media":113072,"comment_status":"open","ping_status":"open","sticky":true,"template":"","format":"standard","meta":{"footnotes":""},"categories":[14,12,1],"tags":[],"_links":{"self":[{"href":"https:\/\/diariodigitalmx.com\/index.php\/wp-json\/wp\/v2\/posts\/113070"}],"collection":[{"href":"https:\/\/diariodigitalmx.com\/index.php\/wp-json\/wp\/v2\/posts"}],"about":[{"href":"https:\/\/diariodigitalmx.com\/index.php\/wp-json\/wp\/v2\/types\/post"}],"author":[{"embeddable":true,"href":"https:\/\/diariodigitalmx.com\/index.php\/wp-json\/wp\/v2\/users\/1"}],"replies":[{"embeddable":true,"href":"https:\/\/diariodigitalmx.com\/index.php\/wp-json\/wp\/v2\/comments?post=113070"}],"version-history":[{"count":1,"href":"https:\/\/diariodigitalmx.com\/index.php\/wp-json\/wp\/v2\/posts\/113070\/revisions"}],"predecessor-version":[{"id":113071,"href":"https:\/\/diariodigitalmx.com\/index.php\/wp-json\/wp\/v2\/posts\/113070\/revisions\/113071"}],"wp:featuredmedia":[{"embeddable":true,"href":"https:\/\/diariodigitalmx.com\/index.php\/wp-json\/wp\/v2\/media\/113072"}],"wp:attachment":[{"href":"https:\/\/diariodigitalmx.com\/index.php\/wp-json\/wp\/v2\/media?parent=113070"}],"wp:term":[{"taxonomy":"category","embeddable":true,"href":"https:\/\/diariodigitalmx.com\/index.php\/wp-json\/wp\/v2\/categories?post=113070"},{"taxonomy":"post_tag","embeddable":true,"href":"https:\/\/diariodigitalmx.com\/index.php\/wp-json\/wp\/v2\/tags?post=113070"}],"curies":[{"name":"wp","href":"https:\/\/api.w.org\/{rel}","templated":true}]}}