{"id":113157,"date":"2024-01-30T08:23:51","date_gmt":"2024-01-30T14:23:51","guid":{"rendered":"http:\/\/diariodigitalmx.com\/?p=113157"},"modified":"2024-01-30T08:24:28","modified_gmt":"2024-01-30T14:24:28","slug":"juan-angel-ruiz-cantu","status":"publish","type":"post","link":"https:\/\/diariodigitalmx.com\/index.php\/2024\/01\/30\/juan-angel-ruiz-cantu\/","title":{"rendered":"Juan \u00c1ngel Ruiz Cant\u00fa"},"content":{"rendered":"\n<p>Clara Villarreal <\/p>\n\n\n\n<p>Con los pies en el cielo. El 8 de enero de 1994 un accidente marc\u00f3 un punto de quiebre en la vida de la familia Ruiz Cant\u00fa\u0301. A pesar de esta batalla inimaginable, todos y cada uno de sus miembros se levantaron, desafiando a la vida y a la muerte con una fuerza que inspir\u00f3 a toda nuestra comunidad por su ejemplo de amor, lealtad y tenacidad. Hoy, queridos amigos y familia, nos reunimos con el coraz\u00f3n pesado y las l\u00e1grimas en los ojos para despedir a un ser extraordinario, Juan \u00c1ngel Ruiz Cant\u00fa\u0301, un hombre que rompi\u00f3\u0301 r\u00e9cords mundiales. La noticia de su partida nos llena de tristeza, pero tambi\u00e9n nos impulsa a recordar y celebrar los 30 a\u00f1os de valent\u00eda, y perseverancia que Juan \u00c1ngel comparti\u00f3\u0301 con todos nosotros. Su cuadriplejia no lo detuvo para generar amor y esperanza a su alrededor y compartir su sentido del humor el cual era constante y contagioso. No importaba la situaci\u00f3n, el siempre ten\u00eda un comentario que romp\u00eda la tristeza, siempre supo darle un giro con humor a cualquier acontecimiento. De Juan \u00c1ngel se ha dicho absolutamente todo, porque no faltaron las entrevistas ni documentales que contaron a lujo de detalle su historia, su proceso y su legado durante sus 30 a\u00f1os de cuadriplejia. Sin embargo, hoy quiero hablar de los que hicieron que estos 30 a\u00f1os de Juan \u00c1ngel fuera una vida llena de posibilidades. A su padre Ram\u00f3n, a su madre Juany, sus hermanos Ram\u00f3n, Gabriela y David quienes fueron el motor, a ellos les debemos que todas las ideas, proyectos y deseos de Juan \u00c1ngel fueran realidad. A ustedes cinco, gracias por donar su tiempo y espacio para que Juan \u00c1ngel fuera de todos nosotros y lograr hacer consciencia en nuestra comunidad sobre el abuso del alcohol. Sin ustedes nada de esto habr\u00eda sido posible. Ustedes fueron retados como padres, como hermanos y como familia, y juntos de la mano de Juan \u00c1ngel retaron a la vida y a la muerte. \u00a1Felicidades! son un ejemplo de seres humanos y de familia. Se que el camino no ha sido f\u00e1cil, pero la uni\u00f3n y el amor venci\u00f3\u0301 todos los obst\u00e1culos. Ahora todos desafiaremos el reto de vivir sin \u00e9l. Su legado de amor como familia trascender\u00e1\u0301 porque sabemos que hay un libro a\u00fan por editar y publicar. Esta historia a\u00fan contin\u00faa. Gracias familia Ruiz Cant\u00fa\u0301 por hacer todo esto posible. Cabez\u00f3n: no hay palabras que hoy quisiera escribir que no te haya dicho en vida, solo te digo: &#8211; vuela alto, porque esto apenas comienza. \u00bfqu\u00e9 se siente tener los pies en el cielo? Atte: tu calzonuda, \u00a1te amo! Twitter: @claravillarreal\u00a0<a href=\"mailto:contacto@claravillarreal.com\" target=\"_blank\" rel=\"noreferrer noopener\">contacto@claravillarreal.com<\/a><\/p>\n","protected":false},"excerpt":{"rendered":"<p>Clara Villarreal Con los pies en el cielo. El 8 de enero de 1994 un accidente marc\u00f3 un punto de quiebre en la vida de la familia Ruiz Cant\u00fa\u0301. A pesar de esta batalla inimaginable, todos y cada uno de sus miembros se levantaron, desafiando a la vida y a la muerte con una fuerza [&hellip;]<\/p>\n","protected":false},"author":1,"featured_media":113159,"comment_status":"open","ping_status":"open","sticky":true,"template":"","format":"standard","meta":{"footnotes":""},"categories":[12,5],"tags":[],"_links":{"self":[{"href":"https:\/\/diariodigitalmx.com\/index.php\/wp-json\/wp\/v2\/posts\/113157"}],"collection":[{"href":"https:\/\/diariodigitalmx.com\/index.php\/wp-json\/wp\/v2\/posts"}],"about":[{"href":"https:\/\/diariodigitalmx.com\/index.php\/wp-json\/wp\/v2\/types\/post"}],"author":[{"embeddable":true,"href":"https:\/\/diariodigitalmx.com\/index.php\/wp-json\/wp\/v2\/users\/1"}],"replies":[{"embeddable":true,"href":"https:\/\/diariodigitalmx.com\/index.php\/wp-json\/wp\/v2\/comments?post=113157"}],"version-history":[{"count":1,"href":"https:\/\/diariodigitalmx.com\/index.php\/wp-json\/wp\/v2\/posts\/113157\/revisions"}],"predecessor-version":[{"id":113158,"href":"https:\/\/diariodigitalmx.com\/index.php\/wp-json\/wp\/v2\/posts\/113157\/revisions\/113158"}],"wp:featuredmedia":[{"embeddable":true,"href":"https:\/\/diariodigitalmx.com\/index.php\/wp-json\/wp\/v2\/media\/113159"}],"wp:attachment":[{"href":"https:\/\/diariodigitalmx.com\/index.php\/wp-json\/wp\/v2\/media?parent=113157"}],"wp:term":[{"taxonomy":"category","embeddable":true,"href":"https:\/\/diariodigitalmx.com\/index.php\/wp-json\/wp\/v2\/categories?post=113157"},{"taxonomy":"post_tag","embeddable":true,"href":"https:\/\/diariodigitalmx.com\/index.php\/wp-json\/wp\/v2\/tags?post=113157"}],"curies":[{"name":"wp","href":"https:\/\/api.w.org\/{rel}","templated":true}]}}