{"id":113174,"date":"2024-01-30T22:38:53","date_gmt":"2024-01-31T04:38:53","guid":{"rendered":"http:\/\/diariodigitalmx.com\/?p=113174"},"modified":"2024-01-30T22:39:39","modified_gmt":"2024-01-31T04:39:39","slug":"ratifica-gobierno-de-nl-denuncia-contra-refineria-de-pemex-y-presenta-pruebas","status":"publish","type":"post","link":"https:\/\/diariodigitalmx.com\/index.php\/2024\/01\/30\/ratifica-gobierno-de-nl-denuncia-contra-refineria-de-pemex-y-presenta-pruebas\/","title":{"rendered":"Ratifica Gobierno de NL denuncia contra refiner\u00eda de Pemex, y presenta pruebas"},"content":{"rendered":"\n<p>Monterrey.- El Gobierno de Nuevo Le\u00f3n ratific\u00f3 la denuncia en contra de la refiner\u00eda de Pemex en Cadereyta por las altas emisiones que contaminan el medio ambiente.<\/p>\n\n\n\n<p>El secretario de Medio Ambiente, Alfonso Mart\u00ednez Mu\u00f1oz acudi\u00f3 a la delegaci\u00f3n estatal de la Fiscal\u00eda General de la Rep\u00fablica (FGR), en donde present\u00f3 pruebas de la contaminaci\u00f3n.<\/p>\n\n\n\n<p>\u201cAqu\u00ed estamos ratificando lo que establecimos en la denuncia con nuevas pruebas de las nuevas inspecciones y estamos solicitando una serie de informaci\u00f3n a la refiner\u00eda y a Petr\u00f3leos Mexicanos, como copia certificada la manifestaci\u00f3n de impacto ambiental y el estudio de riesgo, c\u00e9dula de operaci\u00f3n anual, copia de los an\u00e1lisis y sus resultados que hayan sido de laboratorios acreditados, copias de las bit\u00e1coras de mantenimiento de los sistemas de reducci\u00f3n de emisiones\u201d, se\u00f1al\u00f3.<\/p>\n\n\n\n<p>\u201cCopia certificada de Licencia \u00danica ambiental, copia certificada de la manifestaci\u00f3n de impacto ambiental que haya tenido la refiner\u00eda, copia certificada de las bit\u00e1coras de los expedientes motivo de las denuncias, copias certificada de todas y cada una de las \u00f3rdenes y actas de inspecci\u00f3n que se hayan levantado en fin; una serie de informaci\u00f3n que estamos solicitando a la Refiner\u00eda de Cadereyta para que allegue y podamos tener pues una denuncia mucho m\u00e1s fuerte ya est\u00e1 muy bien fundamentada y vamos a seguir allegando las pruebas\u201d, agreg\u00f3.<\/p>\n\n\n\n<p>\u201cEstamos haciendo inspecciones todos los d\u00edas en la refiner\u00eda, estamos allegando esas pruebas\u2026 estas reuniones que ha habido de accidentes, de grandes emisiones que han sido p\u00fablicas y lo que pasa en las noches que el estado ha demostrado, entonces estamos allegando esta informaci\u00f3n y sobre todo solicitando informaci\u00f3n de los equipos que deben de estar funcionando al 100% del mantenimiento, de la inversi\u00f3n, y de cada cu\u00e1nto los han cambiado porque estamos seguros de que hace falta renovarlos y mantenerlos como debe de ser\u201d.<\/p>\n\n\n\n<p>\u201cHago un llamado a los directivos de la refiner\u00eda y a los directivos de Petr\u00f3leos Mexicanos que nos sentemos en la mesa para que haga las inversiones correspondientes, que soliciten una ampliaci\u00f3n del presupuesto que tienen destinado y que ya sabemos que es el problema\u201d, puntualiz\u00f3.<\/p>\n","protected":false},"excerpt":{"rendered":"<p>Monterrey.- El Gobierno de Nuevo Le\u00f3n ratific\u00f3 la denuncia en contra de la refiner\u00eda de Pemex en Cadereyta por las altas emisiones que contaminan el medio ambiente. El secretario de Medio Ambiente, Alfonso Mart\u00ednez Mu\u00f1oz acudi\u00f3 a la delegaci\u00f3n estatal de la Fiscal\u00eda General de la Rep\u00fablica (FGR), en donde present\u00f3 pruebas de la contaminaci\u00f3n. [&hellip;]<\/p>\n","protected":false},"author":1,"featured_media":113176,"comment_status":"open","ping_status":"open","sticky":true,"template":"","format":"standard","meta":{"footnotes":""},"categories":[6,3],"tags":[],"_links":{"self":[{"href":"https:\/\/diariodigitalmx.com\/index.php\/wp-json\/wp\/v2\/posts\/113174"}],"collection":[{"href":"https:\/\/diariodigitalmx.com\/index.php\/wp-json\/wp\/v2\/posts"}],"about":[{"href":"https:\/\/diariodigitalmx.com\/index.php\/wp-json\/wp\/v2\/types\/post"}],"author":[{"embeddable":true,"href":"https:\/\/diariodigitalmx.com\/index.php\/wp-json\/wp\/v2\/users\/1"}],"replies":[{"embeddable":true,"href":"https:\/\/diariodigitalmx.com\/index.php\/wp-json\/wp\/v2\/comments?post=113174"}],"version-history":[{"count":1,"href":"https:\/\/diariodigitalmx.com\/index.php\/wp-json\/wp\/v2\/posts\/113174\/revisions"}],"predecessor-version":[{"id":113175,"href":"https:\/\/diariodigitalmx.com\/index.php\/wp-json\/wp\/v2\/posts\/113174\/revisions\/113175"}],"wp:featuredmedia":[{"embeddable":true,"href":"https:\/\/diariodigitalmx.com\/index.php\/wp-json\/wp\/v2\/media\/113176"}],"wp:attachment":[{"href":"https:\/\/diariodigitalmx.com\/index.php\/wp-json\/wp\/v2\/media?parent=113174"}],"wp:term":[{"taxonomy":"category","embeddable":true,"href":"https:\/\/diariodigitalmx.com\/index.php\/wp-json\/wp\/v2\/categories?post=113174"},{"taxonomy":"post_tag","embeddable":true,"href":"https:\/\/diariodigitalmx.com\/index.php\/wp-json\/wp\/v2\/tags?post=113174"}],"curies":[{"name":"wp","href":"https:\/\/api.w.org\/{rel}","templated":true}]}}