{"id":113206,"date":"2024-01-31T22:27:48","date_gmt":"2024-02-01T04:27:48","guid":{"rendered":"http:\/\/diariodigitalmx.com\/?p=113206"},"modified":"2024-01-31T22:29:32","modified_gmt":"2024-02-01T04:29:32","slug":"denuncia-waldo-fernandez-operativo-grua-de-monterrey-castiga-a-ciudadanos-y-premia-a-los-funcionarios","status":"publish","type":"post","link":"https:\/\/diariodigitalmx.com\/index.php\/2024\/01\/31\/denuncia-waldo-fernandez-operativo-grua-de-monterrey-castiga-a-ciudadanos-y-premia-a-los-funcionarios\/","title":{"rendered":"Denuncia Waldo Fern\u00e1ndez &#8220;Operativo Gr\u00faa&#8221; de Monterrey: Castiga a ciudadanos y premia a los funcionarios"},"content":{"rendered":"\n<figure class=\"wp-block-video\"><video controls src=\"http:\/\/diariodigitalmx.com\/wp-content\/uploads\/2024\/01\/VID-20240131-WA0144.mp4\"><\/video><\/figure>\n\n\n\n<p><br>El diputado local por Morena, Waldo Fern\u00e1ndez, denunci\u00f3 que el \u201cOperativo Gr\u00faa\u201d realizado por Tr\u00e1nsito de Monterrey, levanta a veh\u00edculos mal estacionados por ciudadanos en el Primer Cuadro, pero no lo hace con veh\u00edculos oficiales del Gobierno Estatal.<br>\u201cMedios locales nos reportan que el \u201cOperativo Gr\u00faa\u201d en el centro de la Ciudad no es una pol\u00edtica p\u00fablica pareja: castiga a los ciudadanos mal estacionados pero no a los veh\u00edculos oficiales del Gobierno Estatal. Es grav\u00edsimo, quienes deber\u00edan de estar poniendo el ejemplo, son justamente los veh\u00edculos oficiales\u201d denunci\u00f3 Fern\u00e1ndez.<br>El legislador a\u00f1adi\u00f3 que no es la primera vez que el Gobierno de Monterrey hace este tipo de operativos parciales \u201cuna y otra vez se perdona a veh\u00edculos de organismos estatales como Agua y Drenaje o Movilidad. A Nuevo Le\u00f3n le urge una mejor cultura vial, eso todo lo sabemos y con eso todos estamos de acuerdo, pero una mejor cultura vial no se construye con arbitrariedades\u201d.<br>\u201cSi s\u00f3lo se castiga pero no se ofrecen opciones: una mejor movilidad, que no da resultados, lugares de estacionamiento, que lejos de incrementar disminuyen, se pone al ciudadano contra la espada y la pared \u00a1As\u00ed no!\u201d concluy\u00f3.<\/p>\n","protected":false},"excerpt":{"rendered":"<p>El diputado local por Morena, Waldo Fern\u00e1ndez, denunci\u00f3 que el \u201cOperativo Gr\u00faa\u201d realizado por Tr\u00e1nsito de Monterrey, levanta a veh\u00edculos mal estacionados por ciudadanos en el Primer Cuadro, pero no lo hace con veh\u00edculos oficiales del Gobierno Estatal.\u201cMedios locales nos reportan que el \u201cOperativo Gr\u00faa\u201d en el centro de la Ciudad no es una pol\u00edtica [&hellip;]<\/p>\n","protected":false},"author":1,"featured_media":113208,"comment_status":"open","ping_status":"open","sticky":true,"template":"","format":"standard","meta":{"footnotes":""},"categories":[6,5],"tags":[],"_links":{"self":[{"href":"https:\/\/diariodigitalmx.com\/index.php\/wp-json\/wp\/v2\/posts\/113206"}],"collection":[{"href":"https:\/\/diariodigitalmx.com\/index.php\/wp-json\/wp\/v2\/posts"}],"about":[{"href":"https:\/\/diariodigitalmx.com\/index.php\/wp-json\/wp\/v2\/types\/post"}],"author":[{"embeddable":true,"href":"https:\/\/diariodigitalmx.com\/index.php\/wp-json\/wp\/v2\/users\/1"}],"replies":[{"embeddable":true,"href":"https:\/\/diariodigitalmx.com\/index.php\/wp-json\/wp\/v2\/comments?post=113206"}],"version-history":[{"count":2,"href":"https:\/\/diariodigitalmx.com\/index.php\/wp-json\/wp\/v2\/posts\/113206\/revisions"}],"predecessor-version":[{"id":113211,"href":"https:\/\/diariodigitalmx.com\/index.php\/wp-json\/wp\/v2\/posts\/113206\/revisions\/113211"}],"wp:featuredmedia":[{"embeddable":true,"href":"https:\/\/diariodigitalmx.com\/index.php\/wp-json\/wp\/v2\/media\/113208"}],"wp:attachment":[{"href":"https:\/\/diariodigitalmx.com\/index.php\/wp-json\/wp\/v2\/media?parent=113206"}],"wp:term":[{"taxonomy":"category","embeddable":true,"href":"https:\/\/diariodigitalmx.com\/index.php\/wp-json\/wp\/v2\/categories?post=113206"},{"taxonomy":"post_tag","embeddable":true,"href":"https:\/\/diariodigitalmx.com\/index.php\/wp-json\/wp\/v2\/tags?post=113206"}],"curies":[{"name":"wp","href":"https:\/\/api.w.org\/{rel}","templated":true}]}}