{"id":113678,"date":"2024-02-12T14:32:30","date_gmt":"2024-02-12T20:32:30","guid":{"rendered":"https:\/\/diariodigitalmx.com\/?p=113678"},"modified":"2024-02-12T14:33:03","modified_gmt":"2024-02-12T20:33:03","slug":"pide-hector-garcia-intensificar-acciones-contra-enfermedades-gastrointestinales","status":"publish","type":"post","link":"https:\/\/diariodigitalmx.com\/index.php\/2024\/02\/12\/pide-hector-garcia-intensificar-acciones-contra-enfermedades-gastrointestinales\/","title":{"rendered":"Pide H\u00e9ctor Garc\u00eda intensificar acciones contra enfermedades gastrointestinales"},"content":{"rendered":"\n<p>En aras de la salud de la poblaci\u00f3n nuevoleonesa, el Diputado Local por Movimiento Ciudadano, H\u00e9ctor Garc\u00eda, propuso ante el Congreso Estatal un exhorto a la Secretar\u00eda de Salud para reforzar la supervisi\u00f3n de los procesos de elaboraci\u00f3n de alimentos en restaurantes y negocios.<\/p>\n\n\n\n<p>Tras conocer la informaci\u00f3n proporcionada por la Secretar\u00eda de Salud Federal durante la semana epidemiol\u00f3gica No. 21 del 2023, cuando se registraron casos de enfermedades gastrointestinales en pacientes de Nuevo Le\u00f3n, el legislador emecista inst\u00f3 a tomar medidas.<\/p>\n\n\n\n<p>\u201cLa salud de los nuevoleoneses no debe estar en riesgo debido a la ingesta de alimentos en mal estado\u201d, por lo tanto, es crucial que el Sector Salud Estatal, en colaboraci\u00f3n con la Subsecretar\u00eda de Regulaci\u00f3n y Fomento Sanitario, intensifique la vigilancia y aplique medidas sanitarias rigurosas en los establecimientos que venden alimentos.<\/p>\n\n\n\n<p>H\u00e9ctor Garc\u00eda hizo referencia al art\u00edculo 35 de la Constituci\u00f3n Pol\u00edtica del Estado, que establece el derecho de todas las personas a la protecci\u00f3n de la salud f\u00edsica y mental, as\u00ed como a una alimentaci\u00f3n nutritiva, saludable, suficiente y de calidad, que promueva el desarrollo f\u00edsico, intelectual y emocional.<\/p>\n\n\n\n<p>Seg\u00fan datos de la Organizaci\u00f3n Mundial de la Salud (OMS), la ingesta de alimentos insalubres contaminados con virus, par\u00e1sitos o sustancias qu\u00edmicas provoca anualmente m\u00e1s de 200 enfermedades, en algunos casos incluso resultando en la muerte del paciente.<\/p>\n","protected":false},"excerpt":{"rendered":"<p>En aras de la salud de la poblaci\u00f3n nuevoleonesa, el Diputado Local por Movimiento Ciudadano, H\u00e9ctor Garc\u00eda, propuso ante el Congreso Estatal un exhorto a la Secretar\u00eda de Salud para reforzar la supervisi\u00f3n de los procesos de elaboraci\u00f3n de alimentos en restaurantes y negocios. Tras conocer la informaci\u00f3n proporcionada por la Secretar\u00eda de Salud Federal [&hellip;]<\/p>\n","protected":false},"author":1,"featured_media":113680,"comment_status":"open","ping_status":"open","sticky":true,"template":"","format":"standard","meta":{"footnotes":""},"categories":[14,6],"tags":[],"_links":{"self":[{"href":"https:\/\/diariodigitalmx.com\/index.php\/wp-json\/wp\/v2\/posts\/113678"}],"collection":[{"href":"https:\/\/diariodigitalmx.com\/index.php\/wp-json\/wp\/v2\/posts"}],"about":[{"href":"https:\/\/diariodigitalmx.com\/index.php\/wp-json\/wp\/v2\/types\/post"}],"author":[{"embeddable":true,"href":"https:\/\/diariodigitalmx.com\/index.php\/wp-json\/wp\/v2\/users\/1"}],"replies":[{"embeddable":true,"href":"https:\/\/diariodigitalmx.com\/index.php\/wp-json\/wp\/v2\/comments?post=113678"}],"version-history":[{"count":1,"href":"https:\/\/diariodigitalmx.com\/index.php\/wp-json\/wp\/v2\/posts\/113678\/revisions"}],"predecessor-version":[{"id":113679,"href":"https:\/\/diariodigitalmx.com\/index.php\/wp-json\/wp\/v2\/posts\/113678\/revisions\/113679"}],"wp:featuredmedia":[{"embeddable":true,"href":"https:\/\/diariodigitalmx.com\/index.php\/wp-json\/wp\/v2\/media\/113680"}],"wp:attachment":[{"href":"https:\/\/diariodigitalmx.com\/index.php\/wp-json\/wp\/v2\/media?parent=113678"}],"wp:term":[{"taxonomy":"category","embeddable":true,"href":"https:\/\/diariodigitalmx.com\/index.php\/wp-json\/wp\/v2\/categories?post=113678"},{"taxonomy":"post_tag","embeddable":true,"href":"https:\/\/diariodigitalmx.com\/index.php\/wp-json\/wp\/v2\/tags?post=113678"}],"curies":[{"name":"wp","href":"https:\/\/api.w.org\/{rel}","templated":true}]}}