{"id":113682,"date":"2024-02-12T20:14:48","date_gmt":"2024-02-13T02:14:48","guid":{"rendered":"https:\/\/diariodigitalmx.com\/?p=113682"},"modified":"2024-02-12T20:17:47","modified_gmt":"2024-02-13T02:17:47","slug":"festejara-escobedo-dia-del-amor-con-tres-macro-festejos","status":"publish","type":"post","link":"https:\/\/diariodigitalmx.com\/index.php\/2024\/02\/12\/festejara-escobedo-dia-del-amor-con-tres-macro-festejos\/","title":{"rendered":"Festejar\u00e1 Escobedo D\u00eda del Amor con tres macro festejos"},"content":{"rendered":"\n<figure class=\"wp-block-image size-large\"><img loading=\"lazy\" decoding=\"async\" width=\"1024\" height=\"683\" src=\"https:\/\/diariodigitalmx.com\/wp-content\/uploads\/2024\/02\/Q9A1788-1024x683.jpg\" alt=\"\" class=\"wp-image-113686\" srcset=\"https:\/\/diariodigitalmx.com\/wp-content\/uploads\/2024\/02\/Q9A1788-1024x683.jpg 1024w, https:\/\/diariodigitalmx.com\/wp-content\/uploads\/2024\/02\/Q9A1788-300x200.jpg 300w, https:\/\/diariodigitalmx.com\/wp-content\/uploads\/2024\/02\/Q9A1788-768x512.jpg 768w, https:\/\/diariodigitalmx.com\/wp-content\/uploads\/2024\/02\/Q9A1788-1536x1024.jpg 1536w, https:\/\/diariodigitalmx.com\/wp-content\/uploads\/2024\/02\/Q9A1788-2048x1365.jpg 2048w\" sizes=\"(max-width: 1024px) 100vw, 1024px\" \/><\/figure>\n\n\n\n<p>El amor se respira en Escobedo y para este San Valent\u00edn el Municipio tiene preparado una serie de macro festejos y actividades para celebrar el amor y la amistad.<\/p>\n\n\n\n<p>Para comenzar los festejos del D\u00eda del Amor y la Amistad, este 13 de febrero en punto de las 5:30 pm se tendr\u00e1 un macro festejo en la Colonia Portal de San Francisco, fiesta que amenizar\u00e1 \u201cJavier L\u00f3pez\u201d y el grupo \u201cRegio Cumbiero\u201d.<\/p>\n\n\n\n<p>Este 14 de febrero se vivir\u00e1 simult\u00e1neamente dos macro fiestas con grupos que pondr\u00e1n el toque rom\u00e1ntico a la noche, adem\u00e1s de diversas atracciones que se disfrutar\u00e1n tanto en familia, en pareja o con amigos.<\/p>\n\n\n\n<p>En este a\u00f1o, para que nadie se lo pierda, se tendr\u00e1n dos macro festejos simult\u00e1neos a fin de que todos los escobedenses puedan disfrutar de esta fiesta del amor y la amistad.<\/p>\n\n\n\n<figure class=\"wp-block-image size-large\"><img loading=\"lazy\" decoding=\"async\" width=\"1024\" height=\"683\" src=\"https:\/\/diariodigitalmx.com\/wp-content\/uploads\/2024\/02\/Q9A9109-1024x683.jpg\" alt=\"\" class=\"wp-image-113687\" srcset=\"https:\/\/diariodigitalmx.com\/wp-content\/uploads\/2024\/02\/Q9A9109-1024x683.jpg 1024w, https:\/\/diariodigitalmx.com\/wp-content\/uploads\/2024\/02\/Q9A9109-300x200.jpg 300w, https:\/\/diariodigitalmx.com\/wp-content\/uploads\/2024\/02\/Q9A9109-768x512.jpg 768w, https:\/\/diariodigitalmx.com\/wp-content\/uploads\/2024\/02\/Q9A9109-1536x1024.jpg 1536w, https:\/\/diariodigitalmx.com\/wp-content\/uploads\/2024\/02\/Q9A9109-2048x1365.jpg 2048w\" sizes=\"(max-width: 1024px) 100vw, 1024px\" \/><\/figure>\n\n\n\n<p>En la Plaza Principal a partir de las 5:30 pm de este pr\u00f3ximo mi\u00e9rcoles los ciudadanos podr\u00e1n disfrutar de las grandes sorpresas preparadas para celebrar todos juntos San Valent\u00edn, festejos que encabezar\u00e1n los grupos \u201cToppaz\u201d y \u201cLos Mier\u201d que deleitar\u00e1n a todos con su romanticismo.<\/p>\n\n\n\n<p>El Municipio llevar\u00e1 la fiesta hasta el sector de La Alianza, en donde tambi\u00e9n este San Valent\u00edn los vecinos del norponiente podr\u00e1n disfrutar de espect\u00e1culos musicales y otras sorpresas.<\/p>\n\n\n\n<p>En este punto la fiesta ser\u00e1 encabezada por el grupo &#8220;KomboLokos&#8221; y por &#8220;Paco Silva y su Tropa Colombiana&#8221;, quienes podr\u00e1n el ambiente para todos.<\/p>\n\n\n\n<p>Asimismo, durante este 13 y 14 de febrero se vivir\u00e1 en el Parque Lineal \u201cEscobedo Enamorado\u201d entre Avenida Las Torres y Villas de M\u00e9xico, en la Colonia Villas de Escobedo en donde parejas, amigos y familias podr\u00e1n disfrutar de una pista de baile, skate roller, noche disco y otras sorpresas m\u00e1s.<\/p>\n\n\n\n<p>Para m\u00e1s informaci\u00f3n de las actividades que se vivir\u00e1n en cada festejo, se invita a la ciudadan\u00eda a estar al pendiente de las redes sociales del Gobierno de Escobedo para conocer m\u00e1s detalles.<\/p>\n","protected":false},"excerpt":{"rendered":"<p>El amor se respira en Escobedo y para este San Valent\u00edn el Municipio tiene preparado una serie de macro festejos y actividades para celebrar el amor y la amistad. Para comenzar los festejos del D\u00eda del Amor y la Amistad, este 13 de febrero en punto de las 5:30 pm se tendr\u00e1 un macro festejo [&hellip;]<\/p>\n","protected":false},"author":1,"featured_media":113684,"comment_status":"open","ping_status":"open","sticky":true,"template":"","format":"standard","meta":{"footnotes":""},"categories":[14,6],"tags":[],"_links":{"self":[{"href":"https:\/\/diariodigitalmx.com\/index.php\/wp-json\/wp\/v2\/posts\/113682"}],"collection":[{"href":"https:\/\/diariodigitalmx.com\/index.php\/wp-json\/wp\/v2\/posts"}],"about":[{"href":"https:\/\/diariodigitalmx.com\/index.php\/wp-json\/wp\/v2\/types\/post"}],"author":[{"embeddable":true,"href":"https:\/\/diariodigitalmx.com\/index.php\/wp-json\/wp\/v2\/users\/1"}],"replies":[{"embeddable":true,"href":"https:\/\/diariodigitalmx.com\/index.php\/wp-json\/wp\/v2\/comments?post=113682"}],"version-history":[{"count":3,"href":"https:\/\/diariodigitalmx.com\/index.php\/wp-json\/wp\/v2\/posts\/113682\/revisions"}],"predecessor-version":[{"id":113689,"href":"https:\/\/diariodigitalmx.com\/index.php\/wp-json\/wp\/v2\/posts\/113682\/revisions\/113689"}],"wp:featuredmedia":[{"embeddable":true,"href":"https:\/\/diariodigitalmx.com\/index.php\/wp-json\/wp\/v2\/media\/113684"}],"wp:attachment":[{"href":"https:\/\/diariodigitalmx.com\/index.php\/wp-json\/wp\/v2\/media?parent=113682"}],"wp:term":[{"taxonomy":"category","embeddable":true,"href":"https:\/\/diariodigitalmx.com\/index.php\/wp-json\/wp\/v2\/categories?post=113682"},{"taxonomy":"post_tag","embeddable":true,"href":"https:\/\/diariodigitalmx.com\/index.php\/wp-json\/wp\/v2\/tags?post=113682"}],"curies":[{"name":"wp","href":"https:\/\/api.w.org\/{rel}","templated":true}]}}