{"id":113696,"date":"2024-02-12T20:32:53","date_gmt":"2024-02-13T02:32:53","guid":{"rendered":"https:\/\/diariodigitalmx.com\/?p=113696"},"modified":"2024-02-12T20:37:59","modified_gmt":"2024-02-13T02:37:59","slug":"mas-alla-de-una-oficina-bonita-asi-es-como-los-espacios-de-trabajo-impactan-en-la-salud-y-productividad-de-las-personas","status":"publish","type":"post","link":"https:\/\/diariodigitalmx.com\/index.php\/2024\/02\/12\/mas-alla-de-una-oficina-bonita-asi-es-como-los-espacios-de-trabajo-impactan-en-la-salud-y-productividad-de-las-personas\/","title":{"rendered":"M\u00e1s all\u00e1 de una oficina bonita, as\u00ed es c\u00f3mo los espacios de trabajo impactan en la salud y productividad de las personas"},"content":{"rendered":"\n<p>El trabajo y la forma en la que las empresas est\u00e1n impulsando su crecimiento, a partir de contar con espacios de trabajo \u00f3ptimos.<br>En la b\u00fasqueda constante de resultados \u00f3ptimos, las empresas han evolucionado su enfoque en el entorno laboral, superando la mera est\u00e9tica de las oficinas para centrarse en espacios multifuncionales, que influyan directamente en el bienestar y la productividad de los empleados.<\/p>\n\n\n\n<p>&#8220;Ya no se trata solo de contar un lugar bonito, sino de entornos que impulsen el rendimiento y bienestar. Este enfoque refleja un cambio significativo en la perspectiva tradicional de dise\u00f1o de espacios laborales, que anteriormente se centraba en la est\u00e9tica visual. Hoy en d\u00eda, las compa\u00f1\u00edas buscan abordar aspectos m\u00e1s profundos y funcionales con miras a sus planes de crecimiento, pero tambi\u00e9n con una intenci\u00f3n clara de cuidar a sus equipos de trabajo\u201d, se\u00f1ala Boyardo Salm\u00f3n, presidente de Gebesa, empresa de soluciones integrales en amueblamiento de espacios de trabajo.<\/p>\n\n\n\n<p>Para Salm\u00f3n, la creaci\u00f3n de espacios de trabajo efectivos implica considerar cuidadosamente cada componente, desde la funcionalidad y la iluminaci\u00f3n hasta la ergonom\u00eda del mobiliario. Reconoce que la calidad del entorno de trabajo tiene un impacto directo en la productividad y la salud f\u00edsica y mental de los colaboradores.<\/p>\n\n\n\n<p>Este enfoque integral tambi\u00e9n implica reconocer la interconexi\u00f3n entre el bienestar de los empleados y el \u00e9xito empresarial, ya que un ambiente laboral saludable y funcional no solo beneficia a los trabajadores en su desempe\u00f1o diario, sino que tambi\u00e9n puede contribuir al mantenimiento de la reputaci\u00f3n y la productividad general de la empresa.<\/p>\n\n\n\n<p>\u201cLas oficinas son m\u00e1s que lugares de trabajo, son espacios en donde las personas pasan cerca de 8 horas, por lo que factores como la luz, el mobiliario, la distribuci\u00f3n de espacios y hasta los colores juegan un papel crucial en su bienestar f\u00edsico y mental e influyen en su desempe\u00f1o en la compa\u00f1\u00eda\u201d, a\u00f1ade el presidente de Gebesa.<\/p>\n","protected":false},"excerpt":{"rendered":"<p>El trabajo y la forma en la que las empresas est\u00e1n impulsando su crecimiento, a partir de contar con espacios de trabajo \u00f3ptimos.En la b\u00fasqueda constante de resultados \u00f3ptimos, las empresas han evolucionado su enfoque en el entorno laboral, superando la mera est\u00e9tica de las oficinas para centrarse en espacios multifuncionales, que influyan directamente en [&hellip;]<\/p>\n","protected":false},"author":1,"featured_media":113699,"comment_status":"open","ping_status":"open","sticky":true,"template":"","format":"standard","meta":{"footnotes":""},"categories":[14,10],"tags":[],"_links":{"self":[{"href":"https:\/\/diariodigitalmx.com\/index.php\/wp-json\/wp\/v2\/posts\/113696"}],"collection":[{"href":"https:\/\/diariodigitalmx.com\/index.php\/wp-json\/wp\/v2\/posts"}],"about":[{"href":"https:\/\/diariodigitalmx.com\/index.php\/wp-json\/wp\/v2\/types\/post"}],"author":[{"embeddable":true,"href":"https:\/\/diariodigitalmx.com\/index.php\/wp-json\/wp\/v2\/users\/1"}],"replies":[{"embeddable":true,"href":"https:\/\/diariodigitalmx.com\/index.php\/wp-json\/wp\/v2\/comments?post=113696"}],"version-history":[{"count":2,"href":"https:\/\/diariodigitalmx.com\/index.php\/wp-json\/wp\/v2\/posts\/113696\/revisions"}],"predecessor-version":[{"id":113700,"href":"https:\/\/diariodigitalmx.com\/index.php\/wp-json\/wp\/v2\/posts\/113696\/revisions\/113700"}],"wp:featuredmedia":[{"embeddable":true,"href":"https:\/\/diariodigitalmx.com\/index.php\/wp-json\/wp\/v2\/media\/113699"}],"wp:attachment":[{"href":"https:\/\/diariodigitalmx.com\/index.php\/wp-json\/wp\/v2\/media?parent=113696"}],"wp:term":[{"taxonomy":"category","embeddable":true,"href":"https:\/\/diariodigitalmx.com\/index.php\/wp-json\/wp\/v2\/categories?post=113696"},{"taxonomy":"post_tag","embeddable":true,"href":"https:\/\/diariodigitalmx.com\/index.php\/wp-json\/wp\/v2\/tags?post=113696"}],"curies":[{"name":"wp","href":"https:\/\/api.w.org\/{rel}","templated":true}]}}