{"id":113701,"date":"2024-02-12T20:42:41","date_gmt":"2024-02-13T02:42:41","guid":{"rendered":"https:\/\/diariodigitalmx.com\/?p=113701"},"modified":"2024-02-12T20:45:15","modified_gmt":"2024-02-13T02:45:15","slug":"rinden-universitarios-en-la-duela-fraternal-homenaje-a-memo-torres","status":"publish","type":"post","link":"https:\/\/diariodigitalmx.com\/index.php\/2024\/02\/12\/rinden-universitarios-en-la-duela-fraternal-homenaje-a-memo-torres\/","title":{"rendered":"Rinden universitarios en la duela, fraternal homenaje a \u201cMemo\u201d Torres"},"content":{"rendered":"\n<figure class=\"wp-block-image size-large\"><img loading=\"lazy\" decoding=\"async\" width=\"1024\" height=\"768\" src=\"https:\/\/diariodigitalmx.com\/wp-content\/uploads\/2024\/02\/IMG_20240212_204134_973-1024x768.webp\" alt=\"\" class=\"wp-image-113705\" srcset=\"https:\/\/diariodigitalmx.com\/wp-content\/uploads\/2024\/02\/IMG_20240212_204134_973-1024x768.webp 1024w, https:\/\/diariodigitalmx.com\/wp-content\/uploads\/2024\/02\/IMG_20240212_204134_973-300x225.webp 300w, https:\/\/diariodigitalmx.com\/wp-content\/uploads\/2024\/02\/IMG_20240212_204134_973-768x576.webp 768w, https:\/\/diariodigitalmx.com\/wp-content\/uploads\/2024\/02\/IMG_20240212_204134_973.webp 1080w\" sizes=\"(max-width: 1024px) 100vw, 1024px\" \/><\/figure>\n\n\n\n<p>Por: Ra\u00fal E. Guevara Ortiz.- En el \u00fanico lugar donde solo se pudiera rendir un homenaje p\u00f3stumo a un grande del baloncesto universitario, bajo el sonar del sec\u00f3 impacto del bal\u00f3n al chocar con la duela, acompa\u00f1ado por los gritos de sus \u201ctigrillas\u201d disputando un encuentro de liga, as\u00ed, no hubo mejor sitio para que el Coach Guillermo \u201cMemo\u201d Torres Salinas en su ambiente recibiera una gran ovaci\u00f3n que arrancar\u00e1 algunas l\u00e1grimas en muchos de los asistentes.<\/p>\n\n\n\n<p>Fue la tarde del s\u00e1bado 10 de febrero en las instalaciones del Gimnasio Luis Eugenio Todd, cuando a un poco m\u00e1s de un mes de su sentido fallecimiento, los integrantes de la Fraternidad de Basketbol Tigres, acompa\u00f1ados por Jos\u00e9 Alberto P\u00e9rez Garc\u00eda Director de Deportes de la UANL hicieron entrega de un reconocimiento a la familia del Head Coach del equipo femenil de b\u00e1squetbol representativo de la universidad, al cual orgullosamente los llev\u00f3 a la conquista de un sinf\u00edn de t\u00edtulos nacionales y destacada participaci\u00f3n internacional.<\/p>\n\n\n\n<figure class=\"wp-block-image size-large\"><img loading=\"lazy\" decoding=\"async\" width=\"1024\" height=\"768\" src=\"https:\/\/diariodigitalmx.com\/wp-content\/uploads\/2024\/02\/JosenAntonio-Perez-Director-Deportes-UANL-entrega-a-familiares-reconocimiento-1024x768.jpg\" alt=\"\" class=\"wp-image-113707\" srcset=\"https:\/\/diariodigitalmx.com\/wp-content\/uploads\/2024\/02\/JosenAntonio-Perez-Director-Deportes-UANL-entrega-a-familiares-reconocimiento-1024x768.jpg 1024w, https:\/\/diariodigitalmx.com\/wp-content\/uploads\/2024\/02\/JosenAntonio-Perez-Director-Deportes-UANL-entrega-a-familiares-reconocimiento-300x225.jpg 300w, https:\/\/diariodigitalmx.com\/wp-content\/uploads\/2024\/02\/JosenAntonio-Perez-Director-Deportes-UANL-entrega-a-familiares-reconocimiento-768x576.jpg 768w, https:\/\/diariodigitalmx.com\/wp-content\/uploads\/2024\/02\/JosenAntonio-Perez-Director-Deportes-UANL-entrega-a-familiares-reconocimiento.jpg 1280w\" sizes=\"(max-width: 1024px) 100vw, 1024px\" \/><\/figure>\n\n\n\n<p>Recordado por su larga trayectoria dentro del baloncesto, portando el n\u00famero 10 en su playera defendiendo con fiereza y gallard\u00eda los colores de la UANL a mediados de los a\u00f1os 20\u2019 en su \u00e9poca como estudiante, donde destac\u00f3 tambi\u00e9n por ser uno de los jugadores con mayor altura en el equipo.<\/p>\n\n\n\n<p>Como jugador fue militante de diferentes equipos semi profesionales como Los Regios de Monterrey de la CINABE, Circuito Nacional de B\u00e1squetbol del Norte, Las Abejas de Puebla del Circuito Mexicano de B\u00e1squetbol, CINABE, y de la Ola Roja del Distrito Federal.<\/p>\n\n\n\n<figure class=\"wp-block-image size-large\"><img loading=\"lazy\" decoding=\"async\" width=\"1024\" height=\"768\" src=\"https:\/\/diariodigitalmx.com\/wp-content\/uploads\/2024\/02\/IMG_20240212_204134_738-1024x768.webp\" alt=\"\" class=\"wp-image-113709\" srcset=\"https:\/\/diariodigitalmx.com\/wp-content\/uploads\/2024\/02\/IMG_20240212_204134_738-1024x768.webp 1024w, https:\/\/diariodigitalmx.com\/wp-content\/uploads\/2024\/02\/IMG_20240212_204134_738-300x225.webp 300w, https:\/\/diariodigitalmx.com\/wp-content\/uploads\/2024\/02\/IMG_20240212_204134_738-768x576.webp 768w, https:\/\/diariodigitalmx.com\/wp-content\/uploads\/2024\/02\/IMG_20240212_204134_738.webp 1080w\" sizes=\"(max-width: 1024px) 100vw, 1024px\" \/><\/figure>\n\n\n\n<p>Fue a mediados de la d\u00e9cada de los 80 cuando el \u201cMemo\u201d Torres toma el mando como entrenador en jefe del equipo de b\u00e1squetbol de los Tigres, donde en el a\u00f1o 2016 asume el cargo de Head Coach del equipo femenil de la UANL equipo al que en tan solo dos campa\u00f1as lo mete entre los 8 grandes y en el 2018 los lleva a la conquista de la medalla de bronce en la Universiada Nacional.<\/p>\n\n\n\n<figure class=\"wp-block-image size-large\"><img loading=\"lazy\" decoding=\"async\" width=\"1024\" height=\"682\" src=\"https:\/\/diariodigitalmx.com\/wp-content\/uploads\/2024\/02\/e0ecfd57-e03d-4825-a8a0-e01e9795c0b9-1024x682.jpg\" alt=\"\" class=\"wp-image-113711\" srcset=\"https:\/\/diariodigitalmx.com\/wp-content\/uploads\/2024\/02\/e0ecfd57-e03d-4825-a8a0-e01e9795c0b9-1024x682.jpg 1024w, https:\/\/diariodigitalmx.com\/wp-content\/uploads\/2024\/02\/e0ecfd57-e03d-4825-a8a0-e01e9795c0b9-300x200.jpg 300w, https:\/\/diariodigitalmx.com\/wp-content\/uploads\/2024\/02\/e0ecfd57-e03d-4825-a8a0-e01e9795c0b9-768x512.jpg 768w, https:\/\/diariodigitalmx.com\/wp-content\/uploads\/2024\/02\/e0ecfd57-e03d-4825-a8a0-e01e9795c0b9-1536x1023.jpg 1536w, https:\/\/diariodigitalmx.com\/wp-content\/uploads\/2024\/02\/e0ecfd57-e03d-4825-a8a0-e01e9795c0b9.jpg 1600w\" sizes=\"(max-width: 1024px) 100vw, 1024px\" \/><\/figure>\n\n\n\n<p>Por su gran trayectoria en el b\u00e1squetbol universitario, Torres Salinas se le designa en julio del 2021 como director t\u00e9cnico de la selecci\u00f3n nacional femenil U16 a solo cuatro semanas de la competencia, donde lograr\u00e1 una hist\u00f3rica actuaci\u00f3n con la conquista de la primera presea para M\u00e9xico en el FIBA Am\u00e9ricas luego de derrotar 72-67 a la selecci\u00f3n de Argentina y conquistar la medalla de bronce.<\/p>\n","protected":false},"excerpt":{"rendered":"<p>Por: Ra\u00fal E. Guevara Ortiz.- En el \u00fanico lugar donde solo se pudiera rendir un homenaje p\u00f3stumo a un grande del baloncesto universitario, bajo el sonar del sec\u00f3 impacto del bal\u00f3n al chocar con la duela, acompa\u00f1ado por los gritos de sus \u201ctigrillas\u201d disputando un encuentro de liga, as\u00ed, no hubo mejor sitio para que [&hellip;]<\/p>\n","protected":false},"author":1,"featured_media":113703,"comment_status":"open","ping_status":"open","sticky":true,"template":"","format":"standard","meta":{"footnotes":""},"categories":[8,14],"tags":[],"_links":{"self":[{"href":"https:\/\/diariodigitalmx.com\/index.php\/wp-json\/wp\/v2\/posts\/113701"}],"collection":[{"href":"https:\/\/diariodigitalmx.com\/index.php\/wp-json\/wp\/v2\/posts"}],"about":[{"href":"https:\/\/diariodigitalmx.com\/index.php\/wp-json\/wp\/v2\/types\/post"}],"author":[{"embeddable":true,"href":"https:\/\/diariodigitalmx.com\/index.php\/wp-json\/wp\/v2\/users\/1"}],"replies":[{"embeddable":true,"href":"https:\/\/diariodigitalmx.com\/index.php\/wp-json\/wp\/v2\/comments?post=113701"}],"version-history":[{"count":5,"href":"https:\/\/diariodigitalmx.com\/index.php\/wp-json\/wp\/v2\/posts\/113701\/revisions"}],"predecessor-version":[{"id":113712,"href":"https:\/\/diariodigitalmx.com\/index.php\/wp-json\/wp\/v2\/posts\/113701\/revisions\/113712"}],"wp:featuredmedia":[{"embeddable":true,"href":"https:\/\/diariodigitalmx.com\/index.php\/wp-json\/wp\/v2\/media\/113703"}],"wp:attachment":[{"href":"https:\/\/diariodigitalmx.com\/index.php\/wp-json\/wp\/v2\/media?parent=113701"}],"wp:term":[{"taxonomy":"category","embeddable":true,"href":"https:\/\/diariodigitalmx.com\/index.php\/wp-json\/wp\/v2\/categories?post=113701"},{"taxonomy":"post_tag","embeddable":true,"href":"https:\/\/diariodigitalmx.com\/index.php\/wp-json\/wp\/v2\/tags?post=113701"}],"curies":[{"name":"wp","href":"https:\/\/api.w.org\/{rel}","templated":true}]}}