{"id":113719,"date":"2024-02-13T00:02:59","date_gmt":"2024-02-13T06:02:59","guid":{"rendered":"https:\/\/diariodigitalmx.com\/?p=113719"},"modified":"2024-02-13T00:03:45","modified_gmt":"2024-02-13T06:03:45","slug":"febrero-es-tan-patrio-como-septiembre","status":"publish","type":"post","link":"https:\/\/diariodigitalmx.com\/index.php\/2024\/02\/13\/febrero-es-tan-patrio-como-septiembre\/","title":{"rendered":"Febrero es tan patrio como septiembre"},"content":{"rendered":"\n<p>Por lo Pronto<br>Por Rodin<br>Si bien las fiestas patrias se celebran en el mes de septiembre en referencia al aniversario del llamado Grito de Independencia, que fue dado por el cura Miguel Hidalgo y Costilla en 1810, en Dolores Hidalgo Guanajuato. Para algunos cronistas e historiadores.-<br>El segundo mes del a\u00f1o que inicia, es considerado hermano patria del mes referido, ya que a nivel nacional el mes de Febrero, de cada a\u00f1o. Es recordado por efectuarse conmemoraciones importantes y especiales para nuestro pa\u00eds; como: la promulgaci\u00f3n de la Constituci\u00f3n Mexicana, la Marcha de la Lealtad, la Fuerza A\u00e9rea, el fallecimiento de Vicente Guerrero, del Ej\u00e9rcito Nacional, el D\u00eda de la Bandera. Y sin olvidar la triste y penosa Decena Tr\u00e1gica. Todas ellas emanadas de un a\u00f1ejo pasado con sabor a felicidad o de dolor, que vienen a enraizar nuestra pertenencia a nuestra querida y adorada patria.<br>Por qu\u00e9 no darle tambi\u00e9n ese digno reconocimiento al mes de febrero. Si los hechos patrios adornados de honor y honra est\u00e1n marcados en nuestra agenda nacional. De ah\u00ed su importancia de se\u00f1alar el mes de febrero como mes leg\u00edtimamente Patrio. Por ejemplo: la Constituci\u00f3n Pol\u00edtica de los Estados Unidos Mexicanos representa, los principios y objetivos de nuestra naci\u00f3n. Establece la existencia de \u00f3rganos de autoridad, sus facultades y limitaciones, as\u00ed como los derechos de los individuos y las v\u00edas para hacerlos efectivos.<br>El objetivo de la Constituci\u00f3n del 5 de Febrero de 1917, fue fortalecer nuestro sistema pol\u00edtico y garantizar los derechos sociales de las personas al incluir, por primera vez en el mundo, garant\u00edas sociales a una constituci\u00f3n, rompiendo los paradigmas liberales de que las constituciones s\u00f3lo deb\u00edan integrarse por garant\u00edas del individuo y parte org\u00e1nica, lo que le otorg\u00f3 el reconocimiento de \u201cla primer Constituci\u00f3n Social del Siglo XX\u201d.<br>O el significado de la Marcha de la Lealtad. Acontecimiento del 9 de febrero de 1913, que profundiza nuestras ra\u00edces patrias, por medio de un glorioso evento de gran trascendencia como fue el \u00e9pico episodio de la formaci\u00f3n a la escolta en columna de honor que realizaron los Cadetes del Colegio Militar al Presidente Francisco I. Madero, para trasladarle del Castillo de Chapultepec a Palacio Nacional, con el fin de respaldar al Poder Ejecutivo ante la sublevaci\u00f3n de los Generales retirados Manuel Mondrag\u00f3n, Bernardo Reyes y F\u00e9lix D\u00edaz. El presidente, montando a caballo, fue resguardado por trescientos cadetes, vestidos con su uniforme de gala, y por los miembros de la Gendarmer\u00eda Montada, que hab\u00edan sido convocados por el Gobernador del Distrito Federal, Federico Gonz\u00e1lez Garza. Por lo que cada a\u00f1o se conmemora esta marcha en el Heroico Colegio Militar, para refrendar la lealtad de la instituci\u00f3n al Presidente de la Rep\u00fablica.<br>Por otra parte un evento sin igual nos representa el d\u00eda de la Fuerza A\u00e9rea Mexicana, una de las dos fuerzas armadas que integran la Secretar\u00eda de la Defensa Nacional, que tiene como objetivo defender la integridad, la independencia y la soberan\u00eda de M\u00e9xico; garantizar la seguridad interior; auxiliar a la poblaci\u00f3n en caso de necesidades p\u00fablicas; realizar acciones c\u00edvicas y obras sociales, que tiendan al progreso del pa\u00eds;<br>De acuerdo a sus antecedentes, se sabe que en el a\u00f1o de 1910, lleg\u00f3 a M\u00e9xico la compa\u00f1\u00eda de aviaci\u00f3n de Alfredo Moissant. La demostraci\u00f3n de los vuelos de la compa\u00f1\u00eda sirvi\u00f3 como inspiraci\u00f3n para la creaci\u00f3n de un programa, que en un futuro ser\u00eda la base para la creaci\u00f3n de la nueva rama militar. A\u00f1os m\u00e1s tarde el 5 de febrero de 1915, el Presidente Venustiano Carranza, emiti\u00f3 el decreto para la creaci\u00f3n del Arma de Aviaci\u00f3n Mexicana. Y El 10 de febrero de 1944, se emiti\u00f3 el decreto mediante el cual se establec\u00eda que el Arma de Aviaci\u00f3n Militar se elevaba al nivel de una Fuerza Armada.<br>Respecto al d\u00eda del Ej\u00e9rcito, podemos apuntar que, el Ej\u00e9rcito Mexicano es la instituci\u00f3n conformada por las fuerzas militares terrestres y \u00e1reas, encargada de salvaguardar la soberan\u00eda del Estado mexicano y la paz nacional. El 19 de Febrero de 1913, Don Venustiano Carranza publico el decreto de creaci\u00f3n de esta noble y valerosa instituci\u00f3n militar. El Ej\u00e9rcito Constitucionalista fue la respuesta patri\u00f3tica ante la ruptura del orden democr\u00e1tico, cuya expresi\u00f3n m\u00e1s dolorosa fue el cobarde asesinato del Presidente. Francisco Madero y del Vicepresidente. Jos\u00e9 Mar\u00eda Pino Suarez.<br>A partir de esos tr\u00e1gicos sucesos, el Var\u00f3n de Cuatro Ci\u00e9negas, convoca a diversos movimientos populares, conformados por campesinos y obreros en su mayor\u00eda, para restaurar el r\u00e9gimen institucional. As\u00ed naci\u00f3 el Ej\u00e9rcito Mexicano, enarbolando las banderas de la legalidad, la libertad y la democracia. En conmemoraci\u00f3n de ese hecho, en 1950 se instituyo el 19 de febrero como d\u00eda del Ej\u00e9rcito Nacional, para posteriormente a partir de 1969, el ej\u00e9rcito suma a sus responsabilidades el auxilio a la poblaci\u00f3n civil en caso de desastres naturales.<br>Sobre el d\u00eda de la Bandera y su Conmemoraci\u00f3n podemos decir que, la Bandera Nacional surgi\u00f3 y se transform\u00f3 a la par de los acontecimientos hist\u00f3ricos del pa\u00eds. Con la independencia de Espa\u00f1a, se hizo necesaria la adopci\u00f3n de s\u00edmbolos que reflejaran las condiciones pol\u00edticas y las caracter\u00edsticas sociales y culturales de los mexicanos, para sentar las bases de la naci\u00f3n mexicana. Nuestro l\u00e1baro patrio est\u00e1 dividida en tres franjas verticales del mismo tama\u00f1o con los colores verde (que representa la esperanza), blanco (la unidad) y rojo (la sangre de los h\u00e9roes nacionales). En el centro de la franja blanca est\u00e1 el Escudo Nacional, que representa un \u00e1guila posada sobre el nopal de una pe\u00f1a que emerge de un lago, con alas en actitud de combate y en su pico una serpiente.<br>El d\u00eda de la Bandera mexicana fue establecido el 24 de febrero de 1934, pero no fue sino hasta 1940 cuando se reconoci\u00f3 la fecha oficialmente por el presidente L\u00e1zaro C\u00e1rdenas del R\u00edo. De acuerdo con los antecedentes, en 1821 con la declaraci\u00f3n del Plan de Iguala la bandera es dise\u00f1ada para simbolizar el pacto entre realistas e insurgentes que culmin\u00f3 con la Independencia de M\u00e9xico. Actualmente la bandera de nuestro pa\u00eds es uno de los s\u00edmbolos patrios que nos dan identidad y orgullo.<br>Mucho se puede escribir sobre la labor polifac\u00e9tica de Vicente Guerrero que marc\u00f3 el \u00e1mbito social, militar y pol\u00edtico de la primera mitad del siglo XIX. Insurgente bajo las \u00f3rdenes de Morelos, miembro del Ej\u00e9rcito Nacional insurgente que sobrevivi\u00f3 a la guerra y consum\u00f3 la Independencia de M\u00e9xico, representante del grupo de los yorkinos en las elecciones de 1828 y Presidente de la Rep\u00fablica. El benem\u00e9rito de la Patria, fue un hombre admirado y respetado por sus habilidades como militar, pol\u00edtico, y por su inteligencia y alta moral, y despreciado y ofendido por otros cuyos prejuicios raciales lo hac\u00edan objeto de insultos, refiri\u00e9ndose a sus capacidades intelectuales y su origen racial, pese a que \u00e9l mismo expidi\u00f3 el 15 de septiembre de 1829 el decreto de la abolici\u00f3n de la esclavitud y clam\u00f3 por los derechos ciudadanos, porque, aunque el sistema de castas hab\u00eda desaparecido de la legislaci\u00f3n, el racismo prevaleci\u00f3.<br>Cuando Morelos fue fusilado en 1816, Vicente Guerrero se mantuvo en pie de guerra y rechaz\u00f3 los ofrecimientos de indulto. Concentr\u00f3 sus esfuerzos en atacar y hostigar a las poblaciones ocupadas por las tropas realistas desde la cuenca del r\u00edo Mezcala hasta la costa del Pac\u00edfico, atrevi\u00e9ndose a atacar al puerto de Acapulco. Hizo de la guerra de guerrillas el medio para mantener viva la llama de la independencia en el suroeste y sureste del pa\u00eds. Tuvo victorias y p\u00e9rdidas, pero se mantuvo como figura de la resistencia y el levantamiento.<br>En enero de 1831 Vicente Guerrero fue aprendido a bordo del bergant\u00edn &#8220;El Colombo&#8221;; un consejo de guerra lo conden\u00f3 a muerte y lo fusilaron en la villa de Cuilapan, Oaxaca, el 14 de febrero de 1831. El 27 de octubre de 1849, el Congreso de la Uni\u00f3n, resarciendo el da\u00f1o previo en la medida de lo posible, constituy\u00f3 legalmente el estado libre y soberano de Guerrero en honor a ese gran caudillo insurgente.<br>En lo referente a la Decena Tr\u00e1gica, provocado por el traidor militar. Victoriano Huerta, acci\u00f3n que duro diez d\u00edas de continuos de combates, desarrollados del 9 al 18 de febrero de 1913, en la Ciudad de M\u00e9xico; por la sublevaci\u00f3n de los Generales Retirados Manuel Mondrag\u00f3n, Bernardo Reyes, F\u00e9lix D\u00edaz y una fracci\u00f3n del Ej\u00e9rcito Federal en contra del Gobierno de Francisco I. Madero. Bajo un golpe de estado que terminar\u00eda en tragedia nacional, con un desafortunado magnicidio,<br>En la madrugada de aquel 9 de febrero de 1913, los generales Manuel Mondrag\u00f3n y Gregorio Ru\u00edz, encabezaron una revuelta con el fin de derrocar al presidente Francisco I. Madero. Vencer\u00edan, tristemente, cuando el 18 de febrero Aureliano Blanquet, otro c\u00f3mplice, har\u00eda prisioneros al Presidente Madero y al Vicepresidente. Jos\u00e9 Mar\u00eda Pino Su\u00e1rez, en Palacio Nacional. A partir de este movimiento, tuvieron lugar una serie de enfrentamientos entre traidores y leales al gobierno que culminaron con el asesinato de Don. Francisco el 22 de febrero del mismo a\u00f1o y con la llegada ileg\u00edtima de Victoriano Huerta a la Presidencia de la Rep\u00fablica. D\u00edas atr\u00e1s lamentablemente perder\u00eda la vida en ese episodio otro ilustre mexicano el Gral. Bernardo Reyes Ogazon, oriundo de Jalisco. Pero regiomontano de coraz\u00f3n al haber gobernado el Estado de Nuevo Le\u00f3n, con acierto, valent\u00eda y esp\u00edritu de servicio.<br>Por lo pronto: habr\u00e1 alg\u00fan ciudadano con sentido com\u00fan ya sea legislador o no. que se atreva a presentar una iniciativa de acuerdo, ante el Congreso de la Uni\u00f3n, para considerar al mes de febrero en M\u00e9xico como un leg\u00edtimo mes patrio. Usted que opina. El merecimiento existe. H\u00e1galo saber a:<br>rodin2511@hotmail.com<\/p>\n","protected":false},"excerpt":{"rendered":"<p>Por lo ProntoPor RodinSi bien las fiestas patrias se celebran en el mes de septiembre en referencia al aniversario del llamado Grito de Independencia, que fue dado por el cura Miguel Hidalgo y Costilla en 1810, en Dolores Hidalgo Guanajuato. Para algunos cronistas e historiadores.-El segundo mes del a\u00f1o que inicia, es considerado hermano patria [&hellip;]<\/p>\n","protected":false},"author":1,"featured_media":113721,"comment_status":"open","ping_status":"open","sticky":true,"template":"","format":"standard","meta":{"footnotes":""},"categories":[14,12],"tags":[],"_links":{"self":[{"href":"https:\/\/diariodigitalmx.com\/index.php\/wp-json\/wp\/v2\/posts\/113719"}],"collection":[{"href":"https:\/\/diariodigitalmx.com\/index.php\/wp-json\/wp\/v2\/posts"}],"about":[{"href":"https:\/\/diariodigitalmx.com\/index.php\/wp-json\/wp\/v2\/types\/post"}],"author":[{"embeddable":true,"href":"https:\/\/diariodigitalmx.com\/index.php\/wp-json\/wp\/v2\/users\/1"}],"replies":[{"embeddable":true,"href":"https:\/\/diariodigitalmx.com\/index.php\/wp-json\/wp\/v2\/comments?post=113719"}],"version-history":[{"count":1,"href":"https:\/\/diariodigitalmx.com\/index.php\/wp-json\/wp\/v2\/posts\/113719\/revisions"}],"predecessor-version":[{"id":113720,"href":"https:\/\/diariodigitalmx.com\/index.php\/wp-json\/wp\/v2\/posts\/113719\/revisions\/113720"}],"wp:featuredmedia":[{"embeddable":true,"href":"https:\/\/diariodigitalmx.com\/index.php\/wp-json\/wp\/v2\/media\/113721"}],"wp:attachment":[{"href":"https:\/\/diariodigitalmx.com\/index.php\/wp-json\/wp\/v2\/media?parent=113719"}],"wp:term":[{"taxonomy":"category","embeddable":true,"href":"https:\/\/diariodigitalmx.com\/index.php\/wp-json\/wp\/v2\/categories?post=113719"},{"taxonomy":"post_tag","embeddable":true,"href":"https:\/\/diariodigitalmx.com\/index.php\/wp-json\/wp\/v2\/tags?post=113719"}],"curies":[{"name":"wp","href":"https:\/\/api.w.org\/{rel}","templated":true}]}}