{"id":113722,"date":"2024-02-13T00:06:34","date_gmt":"2024-02-13T06:06:34","guid":{"rendered":"https:\/\/diariodigitalmx.com\/?p=113722"},"modified":"2024-02-13T00:07:31","modified_gmt":"2024-02-13T06:07:31","slug":"pueblos-indigenas-y-afroamericanos","status":"publish","type":"post","link":"https:\/\/diariodigitalmx.com\/index.php\/2024\/02\/13\/pueblos-indigenas-y-afroamericanos\/","title":{"rendered":"Pueblos ind\u00edgenas y afroamericanos"},"content":{"rendered":"\n<p>\u00d3scar Tamez Rodr\u00edguez <\/p>\n\n\n\n<p>Entre las reformas que propone el gobierno se encuentra la dedicada a los pueblos ind\u00edgenas a quienes no les propone progreso sino el mismo atraso de siempre.<\/p>\n\n\n\n<p>Las iniciativas constitucionales representan el programa pol\u00edtico-electoral de la candidata presidencial y los candidatos al congreso por la 4T; es el plan \u201cD\u201d o \u201cE\u201d para garantizar mayor\u00eda de diputados y senadores.<\/p>\n\n\n\n<p>Violan la equidad democr\u00e1tica, la Constituci\u00f3n, la legalidad y mil cosas m\u00e1s. Vivimos un autoritarismo donde la ley se aplica como discrecionalmente.<\/p>\n\n\n\n<p>La reforma titulada \u201cPueblos ind\u00edgenas y afroamericanos\u201d es contraria a los pueblos originarios, es marginal para ellos, excluyente, una visi\u00f3n m\u00e1s de \u00ablos blancos\u00bb sobre los diferentes.<\/p>\n\n\n\n<p>\u201cInd\u00edgenas\u201d es un t\u00e9rmino rebasado desde hace tiempo cuando se cambi\u00f3 por pueblos originarios. Utilizar ese concepto es despectivo, una aplicaci\u00f3n desde la visi\u00f3n del espa\u00f1ol colonialista, el hacendado, el terrateniente; al menos eso deber\u00edan contestar los defensores del indigenismo que en otros momentos se desgarran las vestiduras por no llamarles pueblos originarios.<\/p>\n\n\n\n<p>Es populista la iniciativa. Los descendientes de raza afra, es decir los afroamericanos, no son \u201clos habitantes m\u00e1s antiguos\u201d como expresa la iniciativa obtenida del sitio <a href=\"http:\/\/www.lopezobrador.org.mx\">www.lopezobrador.org.mx<\/a>. Los afros llegaron con los espa\u00f1oles en condici\u00f3n de esclavos, en todo caso tienen la misma antig\u00fcedad que poseen los espa\u00f1oles en el continente.<\/p>\n\n\n\n<p>Es violatoria al principio de igualdad que posee la Constituci\u00f3n mexicana. \u201catendi\u00e9ndolos de manera preferente por ser los habitantes m\u00e1s antiguos\u201d; al establecer que tienen preferencias por sobre otros mexicanos se instituye un sistema de castas igual al operado durante la colonizaci\u00f3n espa\u00f1ola o el imperio franc\u00e9s.<\/p>\n\n\n\n<p>La iniciativa del gobierno federal promueve las castas y la existencia de mexicanos de primera y de segunda. No se restituyen sus derechos violando los derechos del resto de la poblaci\u00f3n.<\/p>\n\n\n\n<p>El principio de igualdad ante la ley se diluye al tener preferencias, sean del tipo que fueran las mismas. Incluso es denigrante para los ind\u00edgenas y los afrodescendientes pues los coloca al igual que a personas con limitaciones f\u00edsicas, de edad o intelectuales y por ello demandan un trato especial.<\/p>\n\n\n\n<p>Los ind\u00edgenas y los afrodescendientes son iguales a todos los mexicanos, requieren lo mismo que los hijos de usted amable lector: educaci\u00f3n de calidad, acceso a los servicios de salud, empleos dignos y bien remunerados, oportunidades de desarrollo y condiciones para una vida arm\u00f3nica que no los excluya ni aparte del resto de la sociedad mexicana.<\/p>\n\n\n\n<p>La reforma est\u00e1 planteada desde el principio del multiculturalismo que es muy distinto al pluriculturalismo. Asume que debe respetarse la cultura sin intervenir en ella, sin cambiarles algo de sus usos y costumbres. El multiculturalismo reproduce la exclusi\u00f3n y la marginaci\u00f3n de las minor\u00edas, eso est\u00e1 comprobado en el mundo.<\/p>\n\n\n\n<p>Los pueblos originarios requieren ser tratados desde el principio del pluriculturalismo, en donde accedan por igual a las mismas oportunidades de todos, pero mientras se les siga tratando como \u00abbichos raros, objetos de culto, motivos de admiraci\u00f3n tur\u00edstica\u00bb seguir\u00e1n marginados, esa es en esencia la iniciativa de la 4T.<\/p>\n\n\n\n<p>Mantener la cultura de los pueblos ind\u00edgenas es reproducir violencia contra las mujeres, vejaciones, abusos y machismos anacr\u00f3nicos. En pleno siglo XXI se siguen entregando ni\u00f1as de 13 y 14 a\u00f1os a cambio de un cart\u00f3n de cervezas o una vaca. Esa es una de las costumbres que conservar\u00eda la iniciativa gubernamental.<\/p>\n","protected":false},"excerpt":{"rendered":"<p>\u00d3scar Tamez Rodr\u00edguez Entre las reformas que propone el gobierno se encuentra la dedicada a los pueblos ind\u00edgenas a quienes no les propone progreso sino el mismo atraso de siempre. Las iniciativas constitucionales representan el programa pol\u00edtico-electoral de la candidata presidencial y los candidatos al congreso por la 4T; es el plan \u201cD\u201d o \u201cE\u201d [&hellip;]<\/p>\n","protected":false},"author":1,"featured_media":113724,"comment_status":"open","ping_status":"open","sticky":true,"template":"","format":"standard","meta":{"footnotes":""},"categories":[14,12],"tags":[],"_links":{"self":[{"href":"https:\/\/diariodigitalmx.com\/index.php\/wp-json\/wp\/v2\/posts\/113722"}],"collection":[{"href":"https:\/\/diariodigitalmx.com\/index.php\/wp-json\/wp\/v2\/posts"}],"about":[{"href":"https:\/\/diariodigitalmx.com\/index.php\/wp-json\/wp\/v2\/types\/post"}],"author":[{"embeddable":true,"href":"https:\/\/diariodigitalmx.com\/index.php\/wp-json\/wp\/v2\/users\/1"}],"replies":[{"embeddable":true,"href":"https:\/\/diariodigitalmx.com\/index.php\/wp-json\/wp\/v2\/comments?post=113722"}],"version-history":[{"count":2,"href":"https:\/\/diariodigitalmx.com\/index.php\/wp-json\/wp\/v2\/posts\/113722\/revisions"}],"predecessor-version":[{"id":113725,"href":"https:\/\/diariodigitalmx.com\/index.php\/wp-json\/wp\/v2\/posts\/113722\/revisions\/113725"}],"wp:featuredmedia":[{"embeddable":true,"href":"https:\/\/diariodigitalmx.com\/index.php\/wp-json\/wp\/v2\/media\/113724"}],"wp:attachment":[{"href":"https:\/\/diariodigitalmx.com\/index.php\/wp-json\/wp\/v2\/media?parent=113722"}],"wp:term":[{"taxonomy":"category","embeddable":true,"href":"https:\/\/diariodigitalmx.com\/index.php\/wp-json\/wp\/v2\/categories?post=113722"},{"taxonomy":"post_tag","embeddable":true,"href":"https:\/\/diariodigitalmx.com\/index.php\/wp-json\/wp\/v2\/tags?post=113722"}],"curies":[{"name":"wp","href":"https:\/\/api.w.org\/{rel}","templated":true}]}}