{"id":113738,"date":"2024-02-13T08:46:08","date_gmt":"2024-02-13T14:46:08","guid":{"rendered":"https:\/\/diariodigitalmx.com\/?p=113738"},"modified":"2024-02-13T08:46:55","modified_gmt":"2024-02-13T14:46:55","slug":"condena-waldo-fernandez-maltrato-a-adultos-mayores","status":"publish","type":"post","link":"https:\/\/diariodigitalmx.com\/index.php\/2024\/02\/13\/condena-waldo-fernandez-maltrato-a-adultos-mayores\/","title":{"rendered":"Condena Waldo Fern\u00e1ndez maltrato a adultos mayores"},"content":{"rendered":"\n<p><br>Waldo Fern\u00e1ndez conden\u00f3 el alza en el maltrato a adultos mayores durante el 2023 y urgi\u00f3 al gobierno de Nuevo Le\u00f3n a tomar acciones para atenderlo y prevenirlo.<br>\u201cUno de los programas insignias del Gobierno Federal ha tenido que ver con la Pensi\u00f3n Universal de los Adultos Mayores. Un programa que va m\u00e1s all\u00e1 del recurso econ\u00f3mico, que es valioso para muchas y muchos, es un programa formativo y que nos permite reconocer y aprender la importancia de nuestros adultos mayores en la sociedad, la importancia de ser justos con ellos para que nuestros hijos e hijas, nietos y nietas vean como nos comportamos con ellos y el d\u00eda de ma\u00f1ana ellos hagan lo mismo con nosotros\u201d resalt\u00f3 Fern\u00e1ndez.<br>Desafortunadamente, agreg\u00f3 \u201clas \u00faltimas cifras indican que ha aumentado la violencia entre las personas mayores. Este es un asunto que se tiene que corregir y atender, porque el ciclo virtuoso de la familia empieza por las personas m\u00e1s respetables. Las personas m\u00e1s respetables son nuestros adultos mayores\u201d.<br>En el caso de Nuevo Le\u00f3n, Fern\u00e1ndez hizo un llamado al Gobierno del Estado para que \u201chaga pol\u00edticas p\u00fablicas que verdaderamente impacte a los adultos mayores. Siendo yo diputado federal present\u00e9 una iniciativa para la creaci\u00f3n de Estancias de D\u00eda de Adultos Mayores en Nuevo Le\u00f3n, para que los cuidadores pudieran ir a trabajar y los Adultos Mayores pudieran estar cuidados durante el d\u00eda y en la noche pudieran regresar a su casa. Es vital retomar estas iniciativas y acciones de pol\u00edticas p\u00fablicas porque eso mantiene la estabilidad emocional de las familias, pero sobre todo, permite que nuestro n\u00facleo central que es la familia, est\u00e9 verdaderamente unida\u201d.<br>De acuerdo al Consejo Ciudadano para la Seguridad y Justicia, el maltrato a adultos mayores increment\u00f3 36 por ciento durante el 2023, al pasar de mil 184 casos en 2022 a mil 613. Los principales victimarios son los hijos, familiares y pareja.<\/p>\n","protected":false},"excerpt":{"rendered":"<p>Waldo Fern\u00e1ndez conden\u00f3 el alza en el maltrato a adultos mayores durante el 2023 y urgi\u00f3 al gobierno de Nuevo Le\u00f3n a tomar acciones para atenderlo y prevenirlo.\u201cUno de los programas insignias del Gobierno Federal ha tenido que ver con la Pensi\u00f3n Universal de los Adultos Mayores. Un programa que va m\u00e1s all\u00e1 del recurso [&hellip;]<\/p>\n","protected":false},"author":1,"featured_media":113740,"comment_status":"open","ping_status":"open","sticky":true,"template":"","format":"standard","meta":{"footnotes":""},"categories":[14,6],"tags":[],"_links":{"self":[{"href":"https:\/\/diariodigitalmx.com\/index.php\/wp-json\/wp\/v2\/posts\/113738"}],"collection":[{"href":"https:\/\/diariodigitalmx.com\/index.php\/wp-json\/wp\/v2\/posts"}],"about":[{"href":"https:\/\/diariodigitalmx.com\/index.php\/wp-json\/wp\/v2\/types\/post"}],"author":[{"embeddable":true,"href":"https:\/\/diariodigitalmx.com\/index.php\/wp-json\/wp\/v2\/users\/1"}],"replies":[{"embeddable":true,"href":"https:\/\/diariodigitalmx.com\/index.php\/wp-json\/wp\/v2\/comments?post=113738"}],"version-history":[{"count":1,"href":"https:\/\/diariodigitalmx.com\/index.php\/wp-json\/wp\/v2\/posts\/113738\/revisions"}],"predecessor-version":[{"id":113739,"href":"https:\/\/diariodigitalmx.com\/index.php\/wp-json\/wp\/v2\/posts\/113738\/revisions\/113739"}],"wp:featuredmedia":[{"embeddable":true,"href":"https:\/\/diariodigitalmx.com\/index.php\/wp-json\/wp\/v2\/media\/113740"}],"wp:attachment":[{"href":"https:\/\/diariodigitalmx.com\/index.php\/wp-json\/wp\/v2\/media?parent=113738"}],"wp:term":[{"taxonomy":"category","embeddable":true,"href":"https:\/\/diariodigitalmx.com\/index.php\/wp-json\/wp\/v2\/categories?post=113738"},{"taxonomy":"post_tag","embeddable":true,"href":"https:\/\/diariodigitalmx.com\/index.php\/wp-json\/wp\/v2\/tags?post=113738"}],"curies":[{"name":"wp","href":"https:\/\/api.w.org\/{rel}","templated":true}]}}