{"id":113744,"date":"2024-02-13T14:35:07","date_gmt":"2024-02-13T20:35:07","guid":{"rendered":"https:\/\/diariodigitalmx.com\/?p=113744"},"modified":"2024-02-13T14:35:57","modified_gmt":"2024-02-13T20:35:57","slug":"pide-derechos-humanos-intervencion-de-diputados-ante-muerte-de-menor-en-el-dif-de-nl","status":"publish","type":"post","link":"https:\/\/diariodigitalmx.com\/index.php\/2024\/02\/13\/pide-derechos-humanos-intervencion-de-diputados-ante-muerte-de-menor-en-el-dif-de-nl\/","title":{"rendered":"Pide Derechos Humanos intervenci\u00f3n de diputados ante muerte de menor en el DIF de NL"},"content":{"rendered":"\n<p>Monterrey . &#8211; La Comisi\u00f3n Estatal de Derechos Humanos solicit\u00f3 la intervenci\u00f3n del Congreso local ante los m\u00faltiples llamados y la negativa por parte de Gloria Baz\u00e1n Villarreal, encargada del despacho de la Direcci\u00f3n General del DIF para aceptar la recomendaci\u00f3n emitida desde el pasado 30 de mayo del 2023, por el caso de violaciones graves a los derechos humanos, por el fallecimiento de un adolescente de 14 a\u00f1os con discapacidad, debido al maltrato, falta de cuidado, negligencia y dolo en la actuaci\u00f3n del personal de esa instituci\u00f3n<\/p>\n\n\n\n<p>La presidenta del organismo, Susana M\u00e9ndez Arellano, entreg\u00f3 en la oficial\u00eda de partes un oficio en el que se informa sobre la emisi\u00f3n de la recomendaci\u00f3n en el caso de la muerte de \u00c1ngel Manuel Moreno, ocurrida el pasado 9 de febrero del a\u00f1o 2022, luego de que se consider\u00f3 que tras su muerte, quedaron en evidencia las fallas sistem\u00e1ticas del DIF. La titular de la CEDHNL fue recibida por las diputadas integrantes de la Comisi\u00f3n especial para investigar el caso Fabriles.<\/p>\n\n\n\n<p>\u201cSe trata de violaciones graves a derechos humanos en contra del ni\u00f1o \u00c1ngel, una muerte ocurrida al interior de las instalaciones del DIF, hemos estado solicitando al DIF, en reiteradas ocasiones e incluso hemos pedido la reconsideraci\u00f3n de la no aceptaci\u00f3n de la recomendaci\u00f3n, sin embargo el DIF no ha sido claro, s\u00f3lo pretenden aceptar parcialmente la recomendaci\u00f3n y en el sistema no jurisdiccional de protecci\u00f3n a derechos humanos eso no es posible, la recomendaci\u00f3n se acepta totalmente o \u00edntegramente o se rechaza\u201d, explic\u00f3 M\u00e9ndez Arellano.<\/p>\n\n\n\n<p>Al sumar cuatro llamados desde el pasado 17 de agosto del 2023 y que prevalece la negativa para la aceptaci\u00f3n de la recomendaci\u00f3n emitida por este organismo p\u00fablico aut\u00f3nomo, sin contar, por parte de la autoridad, con una respuesta inequ\u00edvoca sobre su postura, se emiti\u00f3 el acuerdo PR\/013\/2023; en el que, se determin\u00f3 la no aceptaci\u00f3n de la recomendaci\u00f3n 01VG\/2023, y solicitar al Honorable Congreso del Estado de Nuevo Le\u00f3n llame a comparecer a la autoridad responsable para que funde y motive la causa de su negativa.<\/p>\n\n\n\n<p>En este sentido, la Comisi\u00f3n Estatal espera que, como compromiso y reivindicaci\u00f3n de los derechos de ni\u00f1os, ni\u00f1as y adolescentes que habitan en el DIF y en memoria de \u00c1ngel Manuel Moreno, reconsidere su posici\u00f3n y acepte la recomendaci\u00f3n emitida. Adem\u00e1s reitera la necesidad de realizar visitas al DIF con un grupo interdisciplinario altamente calificado acompa\u00f1ado por la Comisi\u00f3n Estatal para constatar las condiciones en que se encuentran ni\u00f1as, ni\u00f1os y adolescentes.<\/p>\n\n\n\n<p>HECHOS QUE INVOLUCRAN A DOS EMPLEADOS<\/p>\n\n\n\n<p>El menor se encontraba en un espacio al aire libre del Albergue Fabriles cuando sufri\u00f3 una crisis derivada de un trastorno previamente diagnosticado, y Raymundo Francisco \u2018N\u2019 golpe\u00f3 su cara con pu\u00f1o cerrado, cayendo el menor al suelo, donde posteriormente el imputado dejo caer su rodilla con todo su peso, provocando instant\u00e1neamente v\u00f3mito y dolor abdominal, s\u00edntomas a los que durante las horas siguientes se sumaron los de debilidad, palidez, labios azulados, sudoraci\u00f3n fr\u00eda y hundimiento de ojos, hasta ocurrir la muerte del menor que se concluye tuvo origen en un shock hipovol\u00e9mico a ra\u00edz de los golpes.<\/p>\n\n\n\n<p>Luego Mauricio Miguel gir\u00f3 instrucciones para eliminar fichas informativas elaboradas por elementos de seguridad de la instituci\u00f3n y orden\u00f3 la eliminaci\u00f3n de fotos, videos y mensajes, as\u00ed como la manipulaci\u00f3n del sistema de circuito cerrado de la misma instituci\u00f3n. A esta persona tambi\u00e9n se le atribuye la omisi\u00f3n de reportar la muerte del menor a las autoridades correspondientes y ordenar un servicio funerario, incluida la incineraci\u00f3n del cuerpo, sin haberse practicado una autopsia, esto con el fin de obstruir la investigaci\u00f3n de los hechos.<br>El DIF Fabriles se localiza en Monterrey en la colonia del mismo nombre.<\/p>\n","protected":false},"excerpt":{"rendered":"<p>Monterrey . &#8211; La Comisi\u00f3n Estatal de Derechos Humanos solicit\u00f3 la intervenci\u00f3n del Congreso local ante los m\u00faltiples llamados y la negativa por parte de Gloria Baz\u00e1n Villarreal, encargada del despacho de la Direcci\u00f3n General del DIF para aceptar la recomendaci\u00f3n emitida desde el pasado 30 de mayo del 2023, por el caso de violaciones [&hellip;]<\/p>\n","protected":false},"author":1,"featured_media":113746,"comment_status":"open","ping_status":"open","sticky":true,"template":"","format":"standard","meta":{"footnotes":""},"categories":[6,3],"tags":[],"_links":{"self":[{"href":"https:\/\/diariodigitalmx.com\/index.php\/wp-json\/wp\/v2\/posts\/113744"}],"collection":[{"href":"https:\/\/diariodigitalmx.com\/index.php\/wp-json\/wp\/v2\/posts"}],"about":[{"href":"https:\/\/diariodigitalmx.com\/index.php\/wp-json\/wp\/v2\/types\/post"}],"author":[{"embeddable":true,"href":"https:\/\/diariodigitalmx.com\/index.php\/wp-json\/wp\/v2\/users\/1"}],"replies":[{"embeddable":true,"href":"https:\/\/diariodigitalmx.com\/index.php\/wp-json\/wp\/v2\/comments?post=113744"}],"version-history":[{"count":1,"href":"https:\/\/diariodigitalmx.com\/index.php\/wp-json\/wp\/v2\/posts\/113744\/revisions"}],"predecessor-version":[{"id":113745,"href":"https:\/\/diariodigitalmx.com\/index.php\/wp-json\/wp\/v2\/posts\/113744\/revisions\/113745"}],"wp:featuredmedia":[{"embeddable":true,"href":"https:\/\/diariodigitalmx.com\/index.php\/wp-json\/wp\/v2\/media\/113746"}],"wp:attachment":[{"href":"https:\/\/diariodigitalmx.com\/index.php\/wp-json\/wp\/v2\/media?parent=113744"}],"wp:term":[{"taxonomy":"category","embeddable":true,"href":"https:\/\/diariodigitalmx.com\/index.php\/wp-json\/wp\/v2\/categories?post=113744"},{"taxonomy":"post_tag","embeddable":true,"href":"https:\/\/diariodigitalmx.com\/index.php\/wp-json\/wp\/v2\/tags?post=113744"}],"curies":[{"name":"wp","href":"https:\/\/api.w.org\/{rel}","templated":true}]}}