{"id":113762,"date":"2024-02-13T22:40:02","date_gmt":"2024-02-14T04:40:02","guid":{"rendered":"https:\/\/diariodigitalmx.com\/?p=113762"},"modified":"2024-02-13T22:43:51","modified_gmt":"2024-02-14T04:43:51","slug":"todos-en-escobedo-a-festejar-el-dia-del-amor","status":"publish","type":"post","link":"https:\/\/diariodigitalmx.com\/index.php\/2024\/02\/13\/todos-en-escobedo-a-festejar-el-dia-del-amor\/","title":{"rendered":"Todos en Escobedo a festejar el D\u00eda del Amor"},"content":{"rendered":"\n<figure class=\"wp-block-video\"><video controls src=\"http:\/\/diariodigitalmx.com\/wp-content\/uploads\/2024\/02\/LUAV1476.mp4\"><\/video><\/figure>\n\n\n\n<p>*En la plaza principal y Colonia La Alianza<\/p>\n\n\n\n<p>El Municipio de Escobedo invita a todas las familias, parejas o amigos para que juntos celebren el D\u00eda del Amor y la Amistad con dos macro festejos que se realizar\u00e1n en la Plaza Principal de la Ciudad y en la Colonia La Alianza.<\/p>\n\n\n\n<p>La celebraci\u00f3n por este 14 de Febrero iniciar\u00e1 de forma simult\u00e1nea a las 5:30 de la tarde.<\/p>\n\n\n\n<figure class=\"wp-block-image size-large\"><img loading=\"lazy\" decoding=\"async\" width=\"1024\" height=\"683\" src=\"https:\/\/diariodigitalmx.com\/wp-content\/uploads\/2024\/02\/Q9A2759-1024x683.jpg\" alt=\"\" class=\"wp-image-113770\" srcset=\"https:\/\/diariodigitalmx.com\/wp-content\/uploads\/2024\/02\/Q9A2759-1024x683.jpg 1024w, https:\/\/diariodigitalmx.com\/wp-content\/uploads\/2024\/02\/Q9A2759-300x200.jpg 300w, https:\/\/diariodigitalmx.com\/wp-content\/uploads\/2024\/02\/Q9A2759-768x512.jpg 768w, https:\/\/diariodigitalmx.com\/wp-content\/uploads\/2024\/02\/Q9A2759-1536x1024.jpg 1536w, https:\/\/diariodigitalmx.com\/wp-content\/uploads\/2024\/02\/Q9A2759-2048x1365.jpg 2048w\" sizes=\"(max-width: 1024px) 100vw, 1024px\" \/><\/figure>\n\n\n\n<p>Quienes acudan a la Plaza Principal podr\u00e1n disfrutar con el espect\u00e1culo de Jorge Luis Ram\u00edrez y Show Norte\u00f1o, y ponerse a bailar con la m\u00fasica de los grupos \u201cToppaz\u201d y \u201cLos Mier\u201d.<\/p>\n\n\n\n<p>En La Alianza, los amigos o enamorados podr\u00e1n escuchar a Recta y festejar con el grupo &#8220;KomboLokos&#8221; y &#8220;Paco Silva y su Tropa Colombiana&#8221;. En ambos lugares habr\u00e1 muchas sorpresas.<\/p>\n\n\n\n<figure class=\"wp-block-image size-large\"><img loading=\"lazy\" decoding=\"async\" width=\"681\" height=\"1024\" src=\"https:\/\/diariodigitalmx.com\/wp-content\/uploads\/2024\/02\/Q9A2713-681x1024.jpg\" alt=\"\" class=\"wp-image-113771\" srcset=\"https:\/\/diariodigitalmx.com\/wp-content\/uploads\/2024\/02\/Q9A2713-681x1024.jpg 681w, https:\/\/diariodigitalmx.com\/wp-content\/uploads\/2024\/02\/Q9A2713-199x300.jpg 199w, https:\/\/diariodigitalmx.com\/wp-content\/uploads\/2024\/02\/Q9A2713-768x1155.jpg 768w, https:\/\/diariodigitalmx.com\/wp-content\/uploads\/2024\/02\/Q9A2713-1021x1536.jpg 1021w, https:\/\/diariodigitalmx.com\/wp-content\/uploads\/2024\/02\/Q9A2713-1362x2048.jpg 1362w, https:\/\/diariodigitalmx.com\/wp-content\/uploads\/2024\/02\/Q9A2713-scaled.jpg 1702w\" sizes=\"(max-width: 681px) 100vw, 681px\" \/><\/figure>\n\n\n\n<p>Tambi\u00e9n, en el Parque Lineal Las Torres se realizar\u00e1 el festejo \u201cEscobedo Enamorado\u201d, en donde parejas, amigos y familias podr\u00e1n disfrutar de una pista de baile, skate roller, noche disco y otras sorpresas.<\/p>\n\n\n\n<p>Quienes deseen acudir, este lugar se ubica en Avenida Las Torres y Villas de M\u00e9xico, en la Colonia Villas de Escobedo.<\/p>\n\n\n\n<p>La celebraci\u00f3n por el D\u00eda del Amor y la Amistad inici\u00f3 la tarde del martes con un macro festejo que fue amenizado por Tor\u00edn y \u201cRetara2\u201d. \u201cJavier L\u00f3pez\u201d y el grupo \u201cRegio Cumbiero\u201d pusieron a todos a bailar en la Colonia Portal de San Francisco.<\/p>\n","protected":false},"excerpt":{"rendered":"<p>*En la plaza principal y Colonia La Alianza El Municipio de Escobedo invita a todas las familias, parejas o amigos para que juntos celebren el D\u00eda del Amor y la Amistad con dos macro festejos que se realizar\u00e1n en la Plaza Principal de la Ciudad y en la Colonia La Alianza. La celebraci\u00f3n por este [&hellip;]<\/p>\n","protected":false},"author":1,"featured_media":113764,"comment_status":"open","ping_status":"open","sticky":true,"template":"","format":"standard","meta":{"footnotes":""},"categories":[14,6],"tags":[],"_links":{"self":[{"href":"https:\/\/diariodigitalmx.com\/index.php\/wp-json\/wp\/v2\/posts\/113762"}],"collection":[{"href":"https:\/\/diariodigitalmx.com\/index.php\/wp-json\/wp\/v2\/posts"}],"about":[{"href":"https:\/\/diariodigitalmx.com\/index.php\/wp-json\/wp\/v2\/types\/post"}],"author":[{"embeddable":true,"href":"https:\/\/diariodigitalmx.com\/index.php\/wp-json\/wp\/v2\/users\/1"}],"replies":[{"embeddable":true,"href":"https:\/\/diariodigitalmx.com\/index.php\/wp-json\/wp\/v2\/comments?post=113762"}],"version-history":[{"count":4,"href":"https:\/\/diariodigitalmx.com\/index.php\/wp-json\/wp\/v2\/posts\/113762\/revisions"}],"predecessor-version":[{"id":113773,"href":"https:\/\/diariodigitalmx.com\/index.php\/wp-json\/wp\/v2\/posts\/113762\/revisions\/113773"}],"wp:featuredmedia":[{"embeddable":true,"href":"https:\/\/diariodigitalmx.com\/index.php\/wp-json\/wp\/v2\/media\/113764"}],"wp:attachment":[{"href":"https:\/\/diariodigitalmx.com\/index.php\/wp-json\/wp\/v2\/media?parent=113762"}],"wp:term":[{"taxonomy":"category","embeddable":true,"href":"https:\/\/diariodigitalmx.com\/index.php\/wp-json\/wp\/v2\/categories?post=113762"},{"taxonomy":"post_tag","embeddable":true,"href":"https:\/\/diariodigitalmx.com\/index.php\/wp-json\/wp\/v2\/tags?post=113762"}],"curies":[{"name":"wp","href":"https:\/\/api.w.org\/{rel}","templated":true}]}}