{"id":113774,"date":"2024-02-13T23:08:08","date_gmt":"2024-02-14T05:08:08","guid":{"rendered":"https:\/\/diariodigitalmx.com\/?p=113774"},"modified":"2024-02-13T23:13:05","modified_gmt":"2024-02-14T05:13:05","slug":"saltan-chispas-y-campeones-en-finales-dominicales-de-liga-casabella","status":"publish","type":"post","link":"https:\/\/diariodigitalmx.com\/index.php\/2024\/02\/13\/saltan-chispas-y-campeones-en-finales-dominicales-de-liga-casabella\/","title":{"rendered":"Saltan chispas y campeones en finales dominicales de Liga CasaBella"},"content":{"rendered":"\n<figure class=\"wp-block-image size-large\"><img loading=\"lazy\" decoding=\"async\" width=\"1024\" height=\"683\" src=\"https:\/\/diariodigitalmx.com\/wp-content\/uploads\/2024\/02\/foto-1-BANFIELD-1024x683.jpg\" alt=\"\" class=\"wp-image-113778\" srcset=\"https:\/\/diariodigitalmx.com\/wp-content\/uploads\/2024\/02\/foto-1-BANFIELD-1024x683.jpg 1024w, https:\/\/diariodigitalmx.com\/wp-content\/uploads\/2024\/02\/foto-1-BANFIELD-300x200.jpg 300w, https:\/\/diariodigitalmx.com\/wp-content\/uploads\/2024\/02\/foto-1-BANFIELD-768x512.jpg 768w, https:\/\/diariodigitalmx.com\/wp-content\/uploads\/2024\/02\/foto-1-BANFIELD-1536x1024.jpg 1536w, https:\/\/diariodigitalmx.com\/wp-content\/uploads\/2024\/02\/foto-1-BANFIELD-2048x1365.jpg 2048w\" sizes=\"(max-width: 1024px) 100vw, 1024px\" \/><\/figure>\n\n\n\n<p>Por: Ra\u00fal E. Guevara Ortiz\/Prensa Liga CasaBella.- Candentes y llenas de pasi\u00f3n resultaron las finales de los torneos dominicales de f\u00fatbol r\u00e1pido y f\u00fatbol 7 de la Liga CasaBella el pasado domingo 11, donde los equipos de Banfield en el f\u00fatbol r\u00e1pido, Estaci\u00f3n Mitras y Bremen se proclamaron como los campeones en sus respectivas finales.<\/p>\n\n\n\n<p>La triple jornada inici\u00f3 con la gran final que enfrent\u00f3 a los dos mejores equipos del torneo, y rn el cual Banfield se llev\u00f3 la corona al derrotar a Urban Shave por marcador de 4-1.<\/p>\n\n\n\n<figure class=\"wp-block-image size-large\"><img loading=\"lazy\" decoding=\"async\" width=\"1024\" height=\"683\" src=\"https:\/\/diariodigitalmx.com\/wp-content\/uploads\/2024\/02\/FOTO-1-F7-BREMEN-CAMPEON-DE-LIGA-1024x683.jpg\" alt=\"\" class=\"wp-image-113780\" srcset=\"https:\/\/diariodigitalmx.com\/wp-content\/uploads\/2024\/02\/FOTO-1-F7-BREMEN-CAMPEON-DE-LIGA-1024x683.jpg 1024w, https:\/\/diariodigitalmx.com\/wp-content\/uploads\/2024\/02\/FOTO-1-F7-BREMEN-CAMPEON-DE-LIGA-300x200.jpg 300w, https:\/\/diariodigitalmx.com\/wp-content\/uploads\/2024\/02\/FOTO-1-F7-BREMEN-CAMPEON-DE-LIGA-768x512.jpg 768w, https:\/\/diariodigitalmx.com\/wp-content\/uploads\/2024\/02\/FOTO-1-F7-BREMEN-CAMPEON-DE-LIGA-1536x1024.jpg 1536w, https:\/\/diariodigitalmx.com\/wp-content\/uploads\/2024\/02\/FOTO-1-F7-BREMEN-CAMPEON-DE-LIGA-2048x1365.jpg 2048w\" sizes=\"(max-width: 1024px) 100vw, 1024px\" \/><\/figure>\n\n\n\n<p>A los 7 minutos del primer periodo luego de un rechace de la defensiva, Edgar Estrada puso adelante al Urban Shave (0-1).<\/p>\n\n\n\n<p>Luis Carlos Valdez a trav\u00e9s de un potente cobro de tiro libre dio el empate de 1-1 para la escuadra de Banfield, quienes durante el tercer y cuarto periodo por conducto de Juan Bautista, Manuel Medell\u00edn y Alfredo Lozano redondear\u00edan la victoria de 4-1 que les daba el t\u00edtulo.<\/p>\n\n\n\n<figure class=\"wp-block-image size-large\"><img loading=\"lazy\" decoding=\"async\" width=\"1024\" height=\"683\" src=\"https:\/\/diariodigitalmx.com\/wp-content\/uploads\/2024\/02\/FOTO-1-F7-ESTACION-MITRAS-CAMPEON-DE-COPA-1024x683.jpg\" alt=\"\" class=\"wp-image-113781\" srcset=\"https:\/\/diariodigitalmx.com\/wp-content\/uploads\/2024\/02\/FOTO-1-F7-ESTACION-MITRAS-CAMPEON-DE-COPA-1024x683.jpg 1024w, https:\/\/diariodigitalmx.com\/wp-content\/uploads\/2024\/02\/FOTO-1-F7-ESTACION-MITRAS-CAMPEON-DE-COPA-300x200.jpg 300w, https:\/\/diariodigitalmx.com\/wp-content\/uploads\/2024\/02\/FOTO-1-F7-ESTACION-MITRAS-CAMPEON-DE-COPA-768x512.jpg 768w, https:\/\/diariodigitalmx.com\/wp-content\/uploads\/2024\/02\/FOTO-1-F7-ESTACION-MITRAS-CAMPEON-DE-COPA-1536x1024.jpg 1536w, https:\/\/diariodigitalmx.com\/wp-content\/uploads\/2024\/02\/FOTO-1-F7-ESTACION-MITRAS-CAMPEON-DE-COPA-2048x1365.jpg 2048w\" sizes=\"(max-width: 1024px) 100vw, 1024px\" \/><\/figure>\n\n\n\n<p>En otro juego Estaci\u00f3n Mitras. se coron\u00f3 al derrotar 6-4 Puro Coraz\u00f3n, equipos que escenificaron un agradable partido lleno de constantes emociones.<\/p>\n\n\n\n<p>Por \u201cfogoneros\u201d de la Estaci\u00f3n Mitras, Rodolfo Villarreal anot\u00f3<br>el 1-0; Ra\u00fal Gonz\u00e1lez aument\u00f3 la ventaja de 3-0 y Oscar Kacem De la Garza descont\u00f3 el 3-1 para Puro Coraz\u00f3n.<\/p>\n\n\n\n<figure class=\"wp-block-gallery has-nested-images columns-default is-cropped wp-block-gallery-1 is-layout-flex wp-block-gallery-is-layout-flex\">\n<figure class=\"wp-block-image size-large\"><img loading=\"lazy\" decoding=\"async\" width=\"1024\" height=\"683\" data-id=\"113785\" src=\"https:\/\/diariodigitalmx.com\/wp-content\/uploads\/2024\/02\/FOTO3-F7-FINSAL-TORNEO-COPA-1024x683.jpg\" alt=\"\" class=\"wp-image-113785\" srcset=\"https:\/\/diariodigitalmx.com\/wp-content\/uploads\/2024\/02\/FOTO3-F7-FINSAL-TORNEO-COPA-1024x683.jpg 1024w, https:\/\/diariodigitalmx.com\/wp-content\/uploads\/2024\/02\/FOTO3-F7-FINSAL-TORNEO-COPA-300x200.jpg 300w, https:\/\/diariodigitalmx.com\/wp-content\/uploads\/2024\/02\/FOTO3-F7-FINSAL-TORNEO-COPA-768x512.jpg 768w, https:\/\/diariodigitalmx.com\/wp-content\/uploads\/2024\/02\/FOTO3-F7-FINSAL-TORNEO-COPA-1536x1024.jpg 1536w, https:\/\/diariodigitalmx.com\/wp-content\/uploads\/2024\/02\/FOTO3-F7-FINSAL-TORNEO-COPA-2048x1365.jpg 2048w\" sizes=\"(max-width: 1024px) 100vw, 1024px\" \/><\/figure>\n\n\n\n<figure class=\"wp-block-image size-large\"><img loading=\"lazy\" decoding=\"async\" width=\"1024\" height=\"683\" data-id=\"113788\" src=\"https:\/\/diariodigitalmx.com\/wp-content\/uploads\/2024\/02\/FOTOS-F7-FINAL-TORNEO-COPA-1024x683.jpg\" alt=\"\" class=\"wp-image-113788\" srcset=\"https:\/\/diariodigitalmx.com\/wp-content\/uploads\/2024\/02\/FOTOS-F7-FINAL-TORNEO-COPA-1024x683.jpg 1024w, https:\/\/diariodigitalmx.com\/wp-content\/uploads\/2024\/02\/FOTOS-F7-FINAL-TORNEO-COPA-300x200.jpg 300w, https:\/\/diariodigitalmx.com\/wp-content\/uploads\/2024\/02\/FOTOS-F7-FINAL-TORNEO-COPA-768x512.jpg 768w, https:\/\/diariodigitalmx.com\/wp-content\/uploads\/2024\/02\/FOTOS-F7-FINAL-TORNEO-COPA-1536x1024.jpg 1536w, https:\/\/diariodigitalmx.com\/wp-content\/uploads\/2024\/02\/FOTOS-F7-FINAL-TORNEO-COPA-2048x1365.jpg 2048w\" sizes=\"(max-width: 1024px) 100vw, 1024px\" \/><\/figure>\n\n\n\n<figure class=\"wp-block-image size-large\"><img loading=\"lazy\" decoding=\"async\" width=\"1024\" height=\"683\" data-id=\"113786\" src=\"https:\/\/diariodigitalmx.com\/wp-content\/uploads\/2024\/02\/FOTO3-FINAL-FT-LIGA-BREMEN-VERDE-vs-PROTEC-blanco-1024x683.jpg\" alt=\"\" class=\"wp-image-113786\" srcset=\"https:\/\/diariodigitalmx.com\/wp-content\/uploads\/2024\/02\/FOTO3-FINAL-FT-LIGA-BREMEN-VERDE-vs-PROTEC-blanco-1024x683.jpg 1024w, https:\/\/diariodigitalmx.com\/wp-content\/uploads\/2024\/02\/FOTO3-FINAL-FT-LIGA-BREMEN-VERDE-vs-PROTEC-blanco-300x200.jpg 300w, https:\/\/diariodigitalmx.com\/wp-content\/uploads\/2024\/02\/FOTO3-FINAL-FT-LIGA-BREMEN-VERDE-vs-PROTEC-blanco-768x512.jpg 768w, https:\/\/diariodigitalmx.com\/wp-content\/uploads\/2024\/02\/FOTO3-FINAL-FT-LIGA-BREMEN-VERDE-vs-PROTEC-blanco-1536x1024.jpg 1536w, https:\/\/diariodigitalmx.com\/wp-content\/uploads\/2024\/02\/FOTO3-FINAL-FT-LIGA-BREMEN-VERDE-vs-PROTEC-blanco-2048x1365.jpg 2048w\" sizes=\"(max-width: 1024px) 100vw, 1024px\" \/><\/figure>\n<\/figure>\n\n\n\n<p>En el segundo tiempo Roberto Carlos L\u00f3pez aument\u00f3 4-1 la distancia entre Estaci\u00f3n Mitras y Puro Coraz\u00f3n, y Jes\u00fas Reyna<br>Puso el 4-2.<\/p>\n\n\n\n<p>Roberto Carlos L\u00f3pez puso a Estaci\u00f3n Mitras adelante 5-2, pero Melchor V\u00e1zquez redujo con el 5-3 la distancia; despu\u00e9s, Rodolfo Villarreal con su doblete matutino daba el 6-3 a los del Mitras, que en la finalizaci\u00f3n del encuentro sufri\u00f3 los embates de su rival que con el 6-4 de V\u00edctor D\u00edaz concluy\u00f3 el partido con el<br>t\u00edtulo a los de Estaci\u00f3n Mitras.<\/p>\n\n\n\n<p>En otro encuentro las escuadras de Bremen y Protec Nava FC protagonizar\u00edan un partido que desde el primer segundo sac\u00f3 chispas al sint\u00e9tico.<\/p>\n\n\n\n<p>Bremen gan\u00f3 6-4 y tambi\u00e9n se coron\u00f3.<\/p>\n","protected":false},"excerpt":{"rendered":"<p>Por: Ra\u00fal E. Guevara Ortiz\/Prensa Liga CasaBella.- Candentes y llenas de pasi\u00f3n resultaron las finales de los torneos dominicales de f\u00fatbol r\u00e1pido y f\u00fatbol 7 de la Liga CasaBella el pasado domingo 11, donde los equipos de Banfield en el f\u00fatbol r\u00e1pido, Estaci\u00f3n Mitras y Bremen se proclamaron como los campeones en sus respectivas finales. [&hellip;]<\/p>\n","protected":false},"author":1,"featured_media":113776,"comment_status":"open","ping_status":"open","sticky":true,"template":"","format":"standard","meta":{"footnotes":""},"categories":[8,14],"tags":[],"_links":{"self":[{"href":"https:\/\/diariodigitalmx.com\/index.php\/wp-json\/wp\/v2\/posts\/113774"}],"collection":[{"href":"https:\/\/diariodigitalmx.com\/index.php\/wp-json\/wp\/v2\/posts"}],"about":[{"href":"https:\/\/diariodigitalmx.com\/index.php\/wp-json\/wp\/v2\/types\/post"}],"author":[{"embeddable":true,"href":"https:\/\/diariodigitalmx.com\/index.php\/wp-json\/wp\/v2\/users\/1"}],"replies":[{"embeddable":true,"href":"https:\/\/diariodigitalmx.com\/index.php\/wp-json\/wp\/v2\/comments?post=113774"}],"version-history":[{"count":5,"href":"https:\/\/diariodigitalmx.com\/index.php\/wp-json\/wp\/v2\/posts\/113774\/revisions"}],"predecessor-version":[{"id":113790,"href":"https:\/\/diariodigitalmx.com\/index.php\/wp-json\/wp\/v2\/posts\/113774\/revisions\/113790"}],"wp:featuredmedia":[{"embeddable":true,"href":"https:\/\/diariodigitalmx.com\/index.php\/wp-json\/wp\/v2\/media\/113776"}],"wp:attachment":[{"href":"https:\/\/diariodigitalmx.com\/index.php\/wp-json\/wp\/v2\/media?parent=113774"}],"wp:term":[{"taxonomy":"category","embeddable":true,"href":"https:\/\/diariodigitalmx.com\/index.php\/wp-json\/wp\/v2\/categories?post=113774"},{"taxonomy":"post_tag","embeddable":true,"href":"https:\/\/diariodigitalmx.com\/index.php\/wp-json\/wp\/v2\/tags?post=113774"}],"curies":[{"name":"wp","href":"https:\/\/api.w.org\/{rel}","templated":true}]}}