{"id":1142,"date":"2019-03-14T17:51:11","date_gmt":"2019-03-14T23:51:11","guid":{"rendered":"http:\/\/diariodigitalmx.com\/?p=1142"},"modified":"2019-03-14T17:51:12","modified_gmt":"2019-03-14T23:51:12","slug":"transportistas-croquistas-se-capacitan-y-aseguran-la-prestacion-del-taxi-seguro","status":"publish","type":"post","link":"https:\/\/diariodigitalmx.com\/index.php\/2019\/03\/14\/transportistas-croquistas-se-capacitan-y-aseguran-la-prestacion-del-taxi-seguro\/","title":{"rendered":"Transportistas croquistas se capacitan y aseguran la prestaci\u00f3n del taxi seguro"},"content":{"rendered":"\n<p>*Nos adaptamos a la modernidad, dice Osvaldo Serna<br><\/p>\n\n\n\n<p><strong>David Casas<\/strong><\/p>\n\n\n\n<p><\/p>\n\n\n\n<p> Con la participaci\u00f3n de los \u00a0trabajadores  de la ruta 171, de la Uni\u00f3n de Permisionarios \u00a0Transportistas ruta 314 y de la 5  Estanzuela, se realiz\u00f3 el curso de capacitaci\u00f3n que busca concientizar y sensibilizar al operador del transporte p\u00fablico sobre la responsabilidad que conlleva ofrecer este servicio.<br><\/p>\n\n\n\n<p>Al respecto, el dirigente del transporte estatal de FESTA de la FROC de Nuevo Le\u00f3n, Osvaldo Serna Serv\u00edn, en sinergia con el gobierno municipal de Monterrey a trav\u00e9s de la Secretaria de Vialidad y Tr\u00e1nsito, desarrollan estos programas de capacitaci\u00f3n que tienen como fin elevar la seguridad vial y la movilidad de los ciudadanos y usuarios.<br><\/p>\n\n\n\n<p>Osvaldo Serna explica que aunque parecieran cuestiones que un ch\u00f3fer ya conoce, siempre es importante reforzar esos conocimientos y crear la conciencia de esa enorme responsabilidad que significa transportar personas.<br><\/p>\n\n\n\n<p>En este sentido, destaca que los transportistas de la FROC innovan a trav\u00e9s de la capacitaci\u00f3n pues adem\u00e1s de salvaguardar la integridad de los usuarios, tambi\u00e9n se cuida la de ellos y sus respectivas familias.<br><\/p>\n\n\n\n<p>Recuerda el dirigente del transporte de la CROC que encabeza como dirigente estatal en Nuevo Le\u00f3n, Alberto Serna de Le\u00f3n, que est\u00e1 capacitaci\u00f3n es parte de un programa integral de mejoramiento en el servicio p\u00fablico y que incluye entre otros la renovaci\u00f3n de unidades, la conversi\u00f3n de gasolina a gas y en general, dar un cambio radical a la prestaci\u00f3n de la oferta camionera y de taxis.<br><\/p>\n\n\n\n<p>\u201cLas instrucciones son precisas y contundentes, o nos modernizamos y capacitamos o seremos rebasados por la modernidad y el uso de herramientas tecnol\u00f3gicas\u201d, advierte Osvaldo Serna.<br><\/p>\n\n\n\n<p>Aunque ya algunos taxistas utilizan las redes sociales, el uso de las aplicaciones tambi\u00e9n se incorpora al servicio que prestan, pero &nbsp;la modernizaci\u00f3n, dice, se refuerza en las aulas con los cursos y talleres que se iniciaron con el apoyo de Tr\u00e1nsito de Monterrey.<br><\/p>\n\n\n\n<p>Serna Serv\u00edn recalc\u00f3 que los taxis de la CROC est\u00e1n dentro de la legalidad y con ello se garantiza la seguridad del pasajero pues cumplen con todos los requerimientos que se exigen para el servicio. \u201cEl taxi seguro en la CROC, es garant\u00eda\u201d, a\u00f1ade.<br><\/p>\n\n\n\n<ul class=\"wp-block-gallery columns-3 is-cropped wp-block-gallery-1 is-layout-flex wp-block-gallery-is-layout-flex\"><li class=\"blocks-gallery-item\"><figure><img loading=\"lazy\" decoding=\"async\" width=\"960\" height=\"720\" src=\"http:\/\/diariodigitalmx.com\/wp-content\/uploads\/2019\/03\/thumbnail-5-9.jpg\" alt=\"\" data-id=\"1144\" data-link=\"http:\/\/diariodigitalmx.com\/?attachment_id=1144\" class=\"wp-image-1144\" srcset=\"https:\/\/diariodigitalmx.com\/wp-content\/uploads\/2019\/03\/thumbnail-5-9.jpg 960w, https:\/\/diariodigitalmx.com\/wp-content\/uploads\/2019\/03\/thumbnail-5-9-300x225.jpg 300w, https:\/\/diariodigitalmx.com\/wp-content\/uploads\/2019\/03\/thumbnail-5-9-768x576.jpg 768w\" sizes=\"(max-width: 960px) 100vw, 960px\" \/><\/figure><\/li><li class=\"blocks-gallery-item\"><figure><img loading=\"lazy\" decoding=\"async\" width=\"1024\" height=\"768\" src=\"http:\/\/diariodigitalmx.com\/wp-content\/uploads\/2019\/03\/thumbnail-6-3-1024x768.jpg\" alt=\"\" data-id=\"1145\" data-link=\"http:\/\/diariodigitalmx.com\/?attachment_id=1145\" class=\"wp-image-1145\" srcset=\"https:\/\/diariodigitalmx.com\/wp-content\/uploads\/2019\/03\/thumbnail-6-3-1024x768.jpg 1024w, https:\/\/diariodigitalmx.com\/wp-content\/uploads\/2019\/03\/thumbnail-6-3-300x225.jpg 300w, https:\/\/diariodigitalmx.com\/wp-content\/uploads\/2019\/03\/thumbnail-6-3-768x576.jpg 768w, https:\/\/diariodigitalmx.com\/wp-content\/uploads\/2019\/03\/thumbnail-6-3.jpg 1080w\" sizes=\"(max-width: 1024px) 100vw, 1024px\" \/><\/figure><\/li><li class=\"blocks-gallery-item\"><figure><img loading=\"lazy\" decoding=\"async\" width=\"1024\" height=\"768\" src=\"http:\/\/diariodigitalmx.com\/wp-content\/uploads\/2019\/03\/thumbnail-7-6-1024x768.jpg\" alt=\"\" data-id=\"1146\" data-link=\"http:\/\/diariodigitalmx.com\/?attachment_id=1146\" class=\"wp-image-1146\" srcset=\"https:\/\/diariodigitalmx.com\/wp-content\/uploads\/2019\/03\/thumbnail-7-6-1024x768.jpg 1024w, https:\/\/diariodigitalmx.com\/wp-content\/uploads\/2019\/03\/thumbnail-7-6-300x225.jpg 300w, https:\/\/diariodigitalmx.com\/wp-content\/uploads\/2019\/03\/thumbnail-7-6-768x576.jpg 768w, https:\/\/diariodigitalmx.com\/wp-content\/uploads\/2019\/03\/thumbnail-7-6.jpg 1080w\" sizes=\"(max-width: 1024px) 100vw, 1024px\" \/><\/figure><\/li><\/ul>\n","protected":false},"excerpt":{"rendered":"<p>*Nos adaptamos a la modernidad, dice Osvaldo Serna David Casas Con la participaci\u00f3n de los \u00a0trabajadores de la ruta 171, de la Uni\u00f3n de Permisionarios \u00a0Transportistas ruta 314 y de la 5 Estanzuela, se realiz\u00f3 el curso de capacitaci\u00f3n que busca concientizar y sensibilizar al operador del transporte p\u00fablico sobre la responsabilidad que conlleva ofrecer [&hellip;]<\/p>\n","protected":false},"author":1,"featured_media":1143,"comment_status":"open","ping_status":"open","sticky":true,"template":"","format":"standard","meta":{"footnotes":""},"categories":[1],"tags":[],"_links":{"self":[{"href":"https:\/\/diariodigitalmx.com\/index.php\/wp-json\/wp\/v2\/posts\/1142"}],"collection":[{"href":"https:\/\/diariodigitalmx.com\/index.php\/wp-json\/wp\/v2\/posts"}],"about":[{"href":"https:\/\/diariodigitalmx.com\/index.php\/wp-json\/wp\/v2\/types\/post"}],"author":[{"embeddable":true,"href":"https:\/\/diariodigitalmx.com\/index.php\/wp-json\/wp\/v2\/users\/1"}],"replies":[{"embeddable":true,"href":"https:\/\/diariodigitalmx.com\/index.php\/wp-json\/wp\/v2\/comments?post=1142"}],"version-history":[{"count":1,"href":"https:\/\/diariodigitalmx.com\/index.php\/wp-json\/wp\/v2\/posts\/1142\/revisions"}],"predecessor-version":[{"id":1147,"href":"https:\/\/diariodigitalmx.com\/index.php\/wp-json\/wp\/v2\/posts\/1142\/revisions\/1147"}],"wp:featuredmedia":[{"embeddable":true,"href":"https:\/\/diariodigitalmx.com\/index.php\/wp-json\/wp\/v2\/media\/1143"}],"wp:attachment":[{"href":"https:\/\/diariodigitalmx.com\/index.php\/wp-json\/wp\/v2\/media?parent=1142"}],"wp:term":[{"taxonomy":"category","embeddable":true,"href":"https:\/\/diariodigitalmx.com\/index.php\/wp-json\/wp\/v2\/categories?post=1142"},{"taxonomy":"post_tag","embeddable":true,"href":"https:\/\/diariodigitalmx.com\/index.php\/wp-json\/wp\/v2\/tags?post=1142"}],"curies":[{"name":"wp","href":"https:\/\/api.w.org\/{rel}","templated":true}]}}