{"id":1155,"date":"2019-03-15T10:43:24","date_gmt":"2019-03-15T16:43:24","guid":{"rendered":"http:\/\/diariodigitalmx.com\/?p=1155"},"modified":"2019-03-15T10:45:01","modified_gmt":"2019-03-15T16:45:01","slug":"suspenden-autoridades-a-dos-empresas-mas-en-garcia","status":"publish","type":"post","link":"https:\/\/diariodigitalmx.com\/index.php\/2019\/03\/15\/suspenden-autoridades-a-dos-empresas-mas-en-garcia\/","title":{"rendered":"Suspenden autoridades a dos empresas m\u00e1s en Garc\u00eda"},"content":{"rendered":"\n<p>Por no contar con un manejo adecuado de los residuos peligrosos, as\u00ed como incumplir con normatividad sobre el medio ambiente, las empresas Procesos Qu\u00edmicos Especializados, S.A. de C.V., y Tranquilidad Integral en Residuos Peligrosos, S.A. de C.V., ubicadas en el Parque Industrial Mitras, en Garc\u00eda, recibieron los sellos de suspensi\u00f3n de actividades.<\/p>\n\n\n\n<p>Esta acci\u00f3n fue derivada de las inspecciones que realiza el Municipio de Garc\u00eda en conjunto con la Secretar\u00eda de Desarrollo Sustentable del Gobierno del Estado,&nbsp;Protecci\u00f3n Civil Municipal, Desarrollo Urbano y Ecolog\u00eda del municipio, as\u00ed como Polic\u00eda Municipal y Fuerza Civil.<\/p>\n\n\n\n<p>Otras tres empresas ya hab\u00edan sido clausuradas en d\u00edas pasados en un operativo conjunto entre los gobiernos estatal y municipal, como respuesta a las denuncias de vecinos sobre fuertes olores que emanaban de ellas.<\/p>\n\n\n\n<p>Se trata de Reciclados y Destilados Monterrey, S.A. de C.V. Plantas 1 y 2, y Coplex Qu\u00edmica Monterrey, S.A. de C.V. ubicadas en el Parque Industrial Mitras.<\/p>\n\n\n\n<p>Las autoridades mencionaron que se encuentran realizando inspecciones en las empresas de este complejo industrial, para verificar que cumplan con todos los procesos y normativas.<\/p>\n\n\n\n<p>En el caso de las empresas inspeccionadas hoy, las autoridades procedieron a la suspensi\u00f3n de sus trabajos y servicios; sin embargo, sus \u00e1reas administrativas contin\u00faan en funcionamiento.<\/p>\n\n\n\n<p>Las compa\u00f1\u00edas suspendidas tienen 15 d\u00edas para realizar las diligencias correspondientes y cumplir con las normas para la remediaci\u00f3n.<\/p>\n\n\n\n<ul class=\"wp-block-gallery columns-2 is-cropped wp-block-gallery-1 is-layout-flex wp-block-gallery-is-layout-flex\"><li class=\"blocks-gallery-item\"><figure><img loading=\"lazy\" decoding=\"async\" width=\"1024\" height=\"768\" src=\"http:\/\/diariodigitalmx.com\/wp-content\/uploads\/2019\/03\/thumbnail-3-9-1024x768.jpg\" alt=\"\" data-id=\"1162\" data-link=\"http:\/\/diariodigitalmx.com\/index.php\/2019\/03\/15\/suspenden-autoridades-a-dos-empresas-mas-en-garcia\/thumbnail-3-22\/\" class=\"wp-image-1162\" srcset=\"https:\/\/diariodigitalmx.com\/wp-content\/uploads\/2019\/03\/thumbnail-3-9-1024x768.jpg 1024w, https:\/\/diariodigitalmx.com\/wp-content\/uploads\/2019\/03\/thumbnail-3-9-300x225.jpg 300w, https:\/\/diariodigitalmx.com\/wp-content\/uploads\/2019\/03\/thumbnail-3-9-768x576.jpg 768w, https:\/\/diariodigitalmx.com\/wp-content\/uploads\/2019\/03\/thumbnail-3-9.jpg 1280w\" sizes=\"(max-width: 1024px) 100vw, 1024px\" \/><\/figure><\/li><li class=\"blocks-gallery-item\"><figure><img loading=\"lazy\" decoding=\"async\" width=\"1024\" height=\"768\" src=\"http:\/\/diariodigitalmx.com\/wp-content\/uploads\/2019\/03\/thumbnail-4-11-1024x768.jpg\" alt=\"\" data-id=\"1163\" data-link=\"http:\/\/diariodigitalmx.com\/index.php\/2019\/03\/15\/suspenden-autoridades-a-dos-empresas-mas-en-garcia\/thumbnail-4-27\/\" class=\"wp-image-1163\" srcset=\"https:\/\/diariodigitalmx.com\/wp-content\/uploads\/2019\/03\/thumbnail-4-11-1024x768.jpg 1024w, https:\/\/diariodigitalmx.com\/wp-content\/uploads\/2019\/03\/thumbnail-4-11-300x225.jpg 300w, https:\/\/diariodigitalmx.com\/wp-content\/uploads\/2019\/03\/thumbnail-4-11-768x576.jpg 768w, https:\/\/diariodigitalmx.com\/wp-content\/uploads\/2019\/03\/thumbnail-4-11.jpg 1280w\" sizes=\"(max-width: 1024px) 100vw, 1024px\" \/><\/figure><\/li><\/ul>\n\n\n\n<ul class=\"wp-block-gallery columns-3 is-cropped wp-block-gallery-2 is-layout-flex wp-block-gallery-is-layout-flex\"><li class=\"blocks-gallery-item\"><figure><img loading=\"lazy\" decoding=\"async\" width=\"1024\" height=\"682\" src=\"http:\/\/diariodigitalmx.com\/wp-content\/uploads\/2019\/03\/thumbnail-1-12-1024x682.jpg\" alt=\"\" data-id=\"1157\" data-link=\"http:\/\/diariodigitalmx.com\/?attachment_id=1157\" class=\"wp-image-1157\" srcset=\"https:\/\/diariodigitalmx.com\/wp-content\/uploads\/2019\/03\/thumbnail-1-12-1024x682.jpg 1024w, https:\/\/diariodigitalmx.com\/wp-content\/uploads\/2019\/03\/thumbnail-1-12-300x200.jpg 300w, https:\/\/diariodigitalmx.com\/wp-content\/uploads\/2019\/03\/thumbnail-1-12-768x512.jpg 768w, https:\/\/diariodigitalmx.com\/wp-content\/uploads\/2019\/03\/thumbnail-1-12.jpg 1280w\" sizes=\"(max-width: 1024px) 100vw, 1024px\" \/><\/figure><\/li><li class=\"blocks-gallery-item\"><figure><img loading=\"lazy\" decoding=\"async\" width=\"1024\" height=\"682\" src=\"http:\/\/diariodigitalmx.com\/wp-content\/uploads\/2019\/03\/thumbnail-2-14-1024x682.jpg\" alt=\"\" data-id=\"1158\" data-link=\"http:\/\/diariodigitalmx.com\/?attachment_id=1158\" class=\"wp-image-1158\" srcset=\"https:\/\/diariodigitalmx.com\/wp-content\/uploads\/2019\/03\/thumbnail-2-14-1024x682.jpg 1024w, https:\/\/diariodigitalmx.com\/wp-content\/uploads\/2019\/03\/thumbnail-2-14-300x200.jpg 300w, https:\/\/diariodigitalmx.com\/wp-content\/uploads\/2019\/03\/thumbnail-2-14-768x512.jpg 768w, https:\/\/diariodigitalmx.com\/wp-content\/uploads\/2019\/03\/thumbnail-2-14.jpg 1280w\" sizes=\"(max-width: 1024px) 100vw, 1024px\" \/><\/figure><\/li><li class=\"blocks-gallery-item\"><figure><img loading=\"lazy\" decoding=\"async\" width=\"1024\" height=\"682\" src=\"http:\/\/diariodigitalmx.com\/wp-content\/uploads\/2019\/03\/thumbnail-20-1024x682.jpg\" alt=\"\" data-id=\"1160\" data-link=\"http:\/\/diariodigitalmx.com\/index.php\/2019\/03\/15\/suspenden-autoridades-a-dos-empresas-mas-en-garcia\/thumbnail-45\/\" class=\"wp-image-1160\" srcset=\"https:\/\/diariodigitalmx.com\/wp-content\/uploads\/2019\/03\/thumbnail-20-1024x682.jpg 1024w, https:\/\/diariodigitalmx.com\/wp-content\/uploads\/2019\/03\/thumbnail-20-300x200.jpg 300w, https:\/\/diariodigitalmx.com\/wp-content\/uploads\/2019\/03\/thumbnail-20-768x512.jpg 768w, https:\/\/diariodigitalmx.com\/wp-content\/uploads\/2019\/03\/thumbnail-20.jpg 1280w\" sizes=\"(max-width: 1024px) 100vw, 1024px\" \/><\/figure><\/li><\/ul>\n","protected":false},"excerpt":{"rendered":"<p>Por no contar con un manejo adecuado de los residuos peligrosos, as\u00ed como incumplir con normatividad sobre el medio ambiente, las empresas Procesos Qu\u00edmicos Especializados, S.A. de C.V., y Tranquilidad Integral en Residuos Peligrosos, S.A. de C.V., ubicadas en el Parque Industrial Mitras, en Garc\u00eda, recibieron los sellos de suspensi\u00f3n de actividades. Esta acci\u00f3n fue [&hellip;]<\/p>\n","protected":false},"author":1,"featured_media":1156,"comment_status":"open","ping_status":"open","sticky":true,"template":"","format":"standard","meta":{"footnotes":""},"categories":[6,3],"tags":[],"_links":{"self":[{"href":"https:\/\/diariodigitalmx.com\/index.php\/wp-json\/wp\/v2\/posts\/1155"}],"collection":[{"href":"https:\/\/diariodigitalmx.com\/index.php\/wp-json\/wp\/v2\/posts"}],"about":[{"href":"https:\/\/diariodigitalmx.com\/index.php\/wp-json\/wp\/v2\/types\/post"}],"author":[{"embeddable":true,"href":"https:\/\/diariodigitalmx.com\/index.php\/wp-json\/wp\/v2\/users\/1"}],"replies":[{"embeddable":true,"href":"https:\/\/diariodigitalmx.com\/index.php\/wp-json\/wp\/v2\/comments?post=1155"}],"version-history":[{"count":3,"href":"https:\/\/diariodigitalmx.com\/index.php\/wp-json\/wp\/v2\/posts\/1155\/revisions"}],"predecessor-version":[{"id":1164,"href":"https:\/\/diariodigitalmx.com\/index.php\/wp-json\/wp\/v2\/posts\/1155\/revisions\/1164"}],"wp:featuredmedia":[{"embeddable":true,"href":"https:\/\/diariodigitalmx.com\/index.php\/wp-json\/wp\/v2\/media\/1156"}],"wp:attachment":[{"href":"https:\/\/diariodigitalmx.com\/index.php\/wp-json\/wp\/v2\/media?parent=1155"}],"wp:term":[{"taxonomy":"category","embeddable":true,"href":"https:\/\/diariodigitalmx.com\/index.php\/wp-json\/wp\/v2\/categories?post=1155"},{"taxonomy":"post_tag","embeddable":true,"href":"https:\/\/diariodigitalmx.com\/index.php\/wp-json\/wp\/v2\/tags?post=1155"}],"curies":[{"name":"wp","href":"https:\/\/api.w.org\/{rel}","templated":true}]}}