{"id":116533,"date":"2024-04-05T13:51:57","date_gmt":"2024-04-05T19:51:57","guid":{"rendered":"https:\/\/diariodigitalmx.com\/?p=116533"},"modified":"2024-04-05T13:52:52","modified_gmt":"2024-04-05T19:52:52","slug":"arrestan-a-joven-acusado-de-violacion-por-chica-que-conoce-en-facebook","status":"publish","type":"post","link":"https:\/\/diariodigitalmx.com\/index.php\/2024\/04\/05\/arrestan-a-joven-acusado-de-violacion-por-chica-que-conoce-en-facebook\/","title":{"rendered":"Arrestan a joven acusado de violaci\u00f3n por chica que conoce en Facebook"},"content":{"rendered":"\n<p>Apodaca, NL.- Guardias de Proximidad de Apodaca arrestaron a un joven de 20 a\u00f1os que fue acusado de violaci\u00f3n por una joven de 21 a\u00f1os, en hechos consumados en la casa del acusado, ubicada en un fraccionamiento privado del municipio conurbado de Apodaca.<\/p>\n\n\n\n<p>De acuerdo con la denuncia de la v\u00edctima, los hechos ocurrieron la noche del jueves 4 de abril, tres d\u00edas despu\u00e9s de que la joven conoci\u00f3 al muchacho a trav\u00e9s de la red social Facebook.<\/p>\n\n\n\n<p>El detenido es Leonardo Gael B., de 20 a\u00f1os de edad, quien tiene su domicilio en la colonia Almer\u00eda de este municipio.<\/p>\n\n\n\n<p>Los elementos preventivos de la Secretar\u00eda de Seguridad P\u00fablica y Vialidad acudieron a la casa del presunto luego de que familiares de la v\u00edctima solicitaron el apoyo a trav\u00e9s del 911.<\/p>\n\n\n\n<p>La parte acusadora refiere que acord\u00f3 con Leonardo tener una cita en la casa de un amigo de \u00e9ste, donde estuvieron un rato.<\/p>\n\n\n\n<p>Posteriormente, agrega la joven, accedi\u00f3 acudir a la casa de su acusado, donde en forma consensuada acuerdan sostener relaciones, pero ella condiciona esto a que fuera con protecci\u00f3n.<\/p>\n\n\n\n<p>Sin embargo, agreg\u00f3 la denunciante, al no contar con protecci\u00f3n, declin\u00f3 tener las relaciones, pero el ahora detenido la forz\u00f3, le propin\u00f3 cachetadas, otros golpes y la insult\u00f3.<\/p>\n\n\n\n<p>La chica dijo a la polic\u00eda que en un descuido de su victimario pudo avisar a sus familiares de lo ocurrido mediante un mensaje por su tel\u00e9fono m\u00f3vil, por lo que una vez que la ubicaron dieron parte a los Polic\u00edas de Proximidad, quienes apresaron al acusado.<\/p>\n\n\n\n<p>El detenido fue puesto a disposici\u00f3n del agente del Ministerio Publico Orientador (AMPO) de la Fiscal\u00eda General de Justicia del Estado.<\/p>\n","protected":false},"excerpt":{"rendered":"<p>Apodaca, NL.- Guardias de Proximidad de Apodaca arrestaron a un joven de 20 a\u00f1os que fue acusado de violaci\u00f3n por una joven de 21 a\u00f1os, en hechos consumados en la casa del acusado, ubicada en un fraccionamiento privado del municipio conurbado de Apodaca. De acuerdo con la denuncia de la v\u00edctima, los hechos ocurrieron la [&hellip;]<\/p>\n","protected":false},"author":1,"featured_media":116535,"comment_status":"open","ping_status":"open","sticky":true,"template":"","format":"standard","meta":{"footnotes":""},"categories":[14,7],"tags":[],"_links":{"self":[{"href":"https:\/\/diariodigitalmx.com\/index.php\/wp-json\/wp\/v2\/posts\/116533"}],"collection":[{"href":"https:\/\/diariodigitalmx.com\/index.php\/wp-json\/wp\/v2\/posts"}],"about":[{"href":"https:\/\/diariodigitalmx.com\/index.php\/wp-json\/wp\/v2\/types\/post"}],"author":[{"embeddable":true,"href":"https:\/\/diariodigitalmx.com\/index.php\/wp-json\/wp\/v2\/users\/1"}],"replies":[{"embeddable":true,"href":"https:\/\/diariodigitalmx.com\/index.php\/wp-json\/wp\/v2\/comments?post=116533"}],"version-history":[{"count":1,"href":"https:\/\/diariodigitalmx.com\/index.php\/wp-json\/wp\/v2\/posts\/116533\/revisions"}],"predecessor-version":[{"id":116534,"href":"https:\/\/diariodigitalmx.com\/index.php\/wp-json\/wp\/v2\/posts\/116533\/revisions\/116534"}],"wp:featuredmedia":[{"embeddable":true,"href":"https:\/\/diariodigitalmx.com\/index.php\/wp-json\/wp\/v2\/media\/116535"}],"wp:attachment":[{"href":"https:\/\/diariodigitalmx.com\/index.php\/wp-json\/wp\/v2\/media?parent=116533"}],"wp:term":[{"taxonomy":"category","embeddable":true,"href":"https:\/\/diariodigitalmx.com\/index.php\/wp-json\/wp\/v2\/categories?post=116533"},{"taxonomy":"post_tag","embeddable":true,"href":"https:\/\/diariodigitalmx.com\/index.php\/wp-json\/wp\/v2\/tags?post=116533"}],"curies":[{"name":"wp","href":"https:\/\/api.w.org\/{rel}","templated":true}]}}