{"id":116550,"date":"2024-04-05T18:48:44","date_gmt":"2024-04-06T00:48:44","guid":{"rendered":"https:\/\/diariodigitalmx.com\/?p=116550"},"modified":"2024-04-05T18:55:07","modified_gmt":"2024-04-06T00:55:07","slug":"garantiza-jose-luis-garza-ochoa-certificacion-y-profesionalizacion-de-cuadrillas-antibaches","status":"publish","type":"post","link":"https:\/\/diariodigitalmx.com\/index.php\/2024\/04\/05\/garantiza-jose-luis-garza-ochoa-certificacion-y-profesionalizacion-de-cuadrillas-antibaches\/","title":{"rendered":"Garantiza Jos\u00e9 Luis Garza Ochoa certificaci\u00f3n y profesionalizaci\u00f3n de cuadrillas antibaches"},"content":{"rendered":"\n<figure class=\"wp-block-image size-large\"><img loading=\"lazy\" decoding=\"async\" width=\"1024\" height=\"682\" src=\"https:\/\/diariodigitalmx.com\/wp-content\/uploads\/2024\/04\/CAMPANA-DIA-5-1-1024x682.jpg\" alt=\"\" class=\"wp-image-116560\" srcset=\"https:\/\/diariodigitalmx.com\/wp-content\/uploads\/2024\/04\/CAMPANA-DIA-5-1-1024x682.jpg 1024w, https:\/\/diariodigitalmx.com\/wp-content\/uploads\/2024\/04\/CAMPANA-DIA-5-1-300x200.jpg 300w, https:\/\/diariodigitalmx.com\/wp-content\/uploads\/2024\/04\/CAMPANA-DIA-5-1-768x512.jpg 768w, https:\/\/diariodigitalmx.com\/wp-content\/uploads\/2024\/04\/CAMPANA-DIA-5-1.jpg 1280w\" sizes=\"(max-width: 1024px) 100vw, 1024px\" \/><\/figure>\n\n\n\n<p>*<em>Se capacitar\u00e1 al personal en la C\u00e1mara de la Construcci\u00f3n en el uso y manejo de maquinaria y material ecol\u00f3gico<\/em><\/p>\n\n\n\n<p><strong>Cd. Guadalupe, NL. &#8211;<\/strong> Al resultar vencedor en los comicios del pr\u00f3ximo 2 de junio, Jos\u00e9 Luis Garza Ochoa, candidato a la Alcald\u00eda de Guadalupe por la coalici\u00f3n Fuerza y Coraz\u00f3n X Nuevo Le\u00f3n integrada por PAN, PRI y PRD, garantiz\u00f3 certificar y profesionalizar a las cuadrillas especiales que se encargar\u00e1n de tapar los baches en la entidad.<\/p>\n\n\n\n<figure class=\"wp-block-image size-large\"><img loading=\"lazy\" decoding=\"async\" width=\"1024\" height=\"710\" src=\"https:\/\/diariodigitalmx.com\/wp-content\/uploads\/2024\/04\/Campana-Dia-5-3-1024x710.jpg\" alt=\"\" class=\"wp-image-116556\" srcset=\"https:\/\/diariodigitalmx.com\/wp-content\/uploads\/2024\/04\/Campana-Dia-5-3-1024x710.jpg 1024w, https:\/\/diariodigitalmx.com\/wp-content\/uploads\/2024\/04\/Campana-Dia-5-3-300x208.jpg 300w, https:\/\/diariodigitalmx.com\/wp-content\/uploads\/2024\/04\/Campana-Dia-5-3-768x533.jpg 768w, https:\/\/diariodigitalmx.com\/wp-content\/uploads\/2024\/04\/Campana-Dia-5-3.jpg 1280w\" sizes=\"(max-width: 1024px) 100vw, 1024px\" \/><\/figure>\n\n\n\n<p>El aspirante al Gobierno municipal asegur\u00f3 que al tomar posesi\u00f3n del cargo enviar\u00e1 al personal a tomar un curso especial en la C\u00e1mara de la Construcci\u00f3n, para el manejo de la nueva maquinaria que adquirir\u00e1, as\u00ed como el material ecol\u00f3gico que se utilizar\u00e1 en su recubrimiento.<\/p>\n\n\n\n<p>Garantiz\u00f3 que con el nuevo equipo el trabajo ser\u00e1 m\u00e1s r\u00e1pido y con una garant\u00eda en el rodamiento de un pavimento liso, y no ondulado como se deja actualmente y que genera molestias y mal aspecto.<\/p>\n\n\n\n<figure class=\"wp-block-image size-large\"><img loading=\"lazy\" decoding=\"async\" width=\"1024\" height=\"683\" src=\"https:\/\/diariodigitalmx.com\/wp-content\/uploads\/2024\/04\/Camana-Dia-5-4-1024x683.jpg\" alt=\"\" class=\"wp-image-116558\" srcset=\"https:\/\/diariodigitalmx.com\/wp-content\/uploads\/2024\/04\/Camana-Dia-5-4-1024x683.jpg 1024w, https:\/\/diariodigitalmx.com\/wp-content\/uploads\/2024\/04\/Camana-Dia-5-4-300x200.jpg 300w, https:\/\/diariodigitalmx.com\/wp-content\/uploads\/2024\/04\/Camana-Dia-5-4-768x512.jpg 768w, https:\/\/diariodigitalmx.com\/wp-content\/uploads\/2024\/04\/Camana-Dia-5-4.jpg 1280w\" sizes=\"(max-width: 1024px) 100vw, 1024px\" \/><\/figure>\n\n\n\n<p>Garza Ochoa hizo hincapi\u00e9 en que se trabajar\u00e1 con materiales sustentables y permeables de la regi\u00f3n, para no incrementar costos.<\/p>\n\n\n\n<p>En su agenda de actividades, el candidato realiz\u00f3 recorridos en las colonias Valle Soleado, Riberas de la Silla y Villa Espa\u00f1ola.<\/p>\n","protected":false},"excerpt":{"rendered":"<p>*Se capacitar\u00e1 al personal en la C\u00e1mara de la Construcci\u00f3n en el uso y manejo de maquinaria y material ecol\u00f3gico Cd. Guadalupe, NL. &#8211; Al resultar vencedor en los comicios del pr\u00f3ximo 2 de junio, Jos\u00e9 Luis Garza Ochoa, candidato a la Alcald\u00eda de Guadalupe por la coalici\u00f3n Fuerza y Coraz\u00f3n X Nuevo Le\u00f3n integrada [&hellip;]<\/p>\n","protected":false},"author":1,"featured_media":116552,"comment_status":"open","ping_status":"open","sticky":true,"template":"","format":"standard","meta":{"footnotes":""},"categories":[14,6],"tags":[],"_links":{"self":[{"href":"https:\/\/diariodigitalmx.com\/index.php\/wp-json\/wp\/v2\/posts\/116550"}],"collection":[{"href":"https:\/\/diariodigitalmx.com\/index.php\/wp-json\/wp\/v2\/posts"}],"about":[{"href":"https:\/\/diariodigitalmx.com\/index.php\/wp-json\/wp\/v2\/types\/post"}],"author":[{"embeddable":true,"href":"https:\/\/diariodigitalmx.com\/index.php\/wp-json\/wp\/v2\/users\/1"}],"replies":[{"embeddable":true,"href":"https:\/\/diariodigitalmx.com\/index.php\/wp-json\/wp\/v2\/comments?post=116550"}],"version-history":[{"count":6,"href":"https:\/\/diariodigitalmx.com\/index.php\/wp-json\/wp\/v2\/posts\/116550\/revisions"}],"predecessor-version":[{"id":116561,"href":"https:\/\/diariodigitalmx.com\/index.php\/wp-json\/wp\/v2\/posts\/116550\/revisions\/116561"}],"wp:featuredmedia":[{"embeddable":true,"href":"https:\/\/diariodigitalmx.com\/index.php\/wp-json\/wp\/v2\/media\/116552"}],"wp:attachment":[{"href":"https:\/\/diariodigitalmx.com\/index.php\/wp-json\/wp\/v2\/media?parent=116550"}],"wp:term":[{"taxonomy":"category","embeddable":true,"href":"https:\/\/diariodigitalmx.com\/index.php\/wp-json\/wp\/v2\/categories?post=116550"},{"taxonomy":"post_tag","embeddable":true,"href":"https:\/\/diariodigitalmx.com\/index.php\/wp-json\/wp\/v2\/tags?post=116550"}],"curies":[{"name":"wp","href":"https:\/\/api.w.org\/{rel}","templated":true}]}}