{"id":116583,"date":"2024-04-06T07:41:04","date_gmt":"2024-04-06T13:41:04","guid":{"rendered":"https:\/\/diariodigitalmx.com\/?p=116583"},"modified":"2024-04-06T07:42:32","modified_gmt":"2024-04-06T13:42:32","slug":"sacan-a-glas-de-embajada-de-mexico-allanan-sede-diplomatica-en-ecuador","status":"publish","type":"post","link":"https:\/\/diariodigitalmx.com\/index.php\/2024\/04\/06\/sacan-a-glas-de-embajada-de-mexico-allanan-sede-diplomatica-en-ecuador\/","title":{"rendered":"Sacan a Glas de Embajada de M\u00e9xico; allanan sede diplom\u00e1tica en Ecuador"},"content":{"rendered":"\n<p>Polic\u00edas y militares de Ecuador irrumpieron la noche del viernes en la Embajada de M\u00e9xico en Quito, Ecuador, donde rompieron puertas para detener al ex Vicepresidente Jorge Glas, al que el gobierno mexicano hab\u00eda otorgado asilo horas antes.<br>Roberto Canseco, Encargado de Negocios de la Embajada mexicana dijo que es la ignominia para un Estado y totalmente inaceptable.<br>&#8220;Me han golpeado, me he golpeado contra el suelo. Y f\u00edsicamente trat\u00e9 de impedir que entraran. Como delincuentes allanaron la Embajada de M\u00e9xico en Ecuador&#8221;, a\u00f1adi\u00f3.<br>Ecuavisa medio de Ecuador difundi\u00f3 im\u00e1genes en el que los polic\u00edas someten contra el piso a Canseco e intentan detenerlo hasta que \u00e9l les informa que es funcionario diplom\u00e1tico.<\/p>\n\n\n\n<figure class=\"wp-block-image size-full\"><img loading=\"lazy\" decoding=\"async\" width=\"480\" height=\"501\" src=\"https:\/\/diariodigitalmx.com\/wp-content\/uploads\/2024\/04\/IMG_20240406_073853_309.webp\" alt=\"\" class=\"wp-image-116587\" srcset=\"https:\/\/diariodigitalmx.com\/wp-content\/uploads\/2024\/04\/IMG_20240406_073853_309.webp 480w, https:\/\/diariodigitalmx.com\/wp-content\/uploads\/2024\/04\/IMG_20240406_073853_309-287x300.webp 287w\" sizes=\"(max-width: 480px) 100vw, 480px\" \/><\/figure>\n\n\n\n<p>Los agentes llegaron en autos blindados a la sede diplom\u00e1tica en la que ya hab\u00eda militares e ingresaron por la fuerza para llevarse a Glas, quien fue Vicepresidente durante el segundo mandato de Rafael Correa.<br>El jueves pasado la Embajadora Raquel Serur fue expulsada por el gobierno de Daniel Nob<br>Las tensiones entre ambos pa\u00edses escalaron luego de comentarios por el presidente mexicano sobre el proceso electoral que llev\u00f3 a Noboa a la presidencia, y tras las cuales Quito declar\u00f3 &#8220;persona non grata&#8221; a Serur.<br>El Gobierno de Ecuador ha justificado la irrupci\u00f3n en la Embajada al argumentar que M\u00e9xico &#8220;abus\u00f3 de las inmunidades y privilegios concedidos a su misi\u00f3n diplom\u00e1tica&#8221; al conceder un &#8220;asilo diplom\u00e1tico contrario al marco jur\u00eddico convencional&#8221;.<br>La acci\u00f3n en la Embajada mexicana ha sido calificada como una una violaci\u00f3n al art\u00edculo 22 de la Convenci\u00f3n de Viena.<br>Mientras tanto, M\u00e9xico suspendi\u00f3 relaciones con Ecuador.<\/p>\n","protected":false},"excerpt":{"rendered":"<p>Polic\u00edas y militares de Ecuador irrumpieron la noche del viernes en la Embajada de M\u00e9xico en Quito, Ecuador, donde rompieron puertas para detener al ex Vicepresidente Jorge Glas, al que el gobierno mexicano hab\u00eda otorgado asilo horas antes.Roberto Canseco, Encargado de Negocios de la Embajada mexicana dijo que es la ignominia para un Estado y [&hellip;]<\/p>\n","protected":false},"author":1,"featured_media":116585,"comment_status":"open","ping_status":"open","sticky":true,"template":"","format":"standard","meta":{"footnotes":""},"categories":[4,3],"tags":[],"_links":{"self":[{"href":"https:\/\/diariodigitalmx.com\/index.php\/wp-json\/wp\/v2\/posts\/116583"}],"collection":[{"href":"https:\/\/diariodigitalmx.com\/index.php\/wp-json\/wp\/v2\/posts"}],"about":[{"href":"https:\/\/diariodigitalmx.com\/index.php\/wp-json\/wp\/v2\/types\/post"}],"author":[{"embeddable":true,"href":"https:\/\/diariodigitalmx.com\/index.php\/wp-json\/wp\/v2\/users\/1"}],"replies":[{"embeddable":true,"href":"https:\/\/diariodigitalmx.com\/index.php\/wp-json\/wp\/v2\/comments?post=116583"}],"version-history":[{"count":3,"href":"https:\/\/diariodigitalmx.com\/index.php\/wp-json\/wp\/v2\/posts\/116583\/revisions"}],"predecessor-version":[{"id":116589,"href":"https:\/\/diariodigitalmx.com\/index.php\/wp-json\/wp\/v2\/posts\/116583\/revisions\/116589"}],"wp:featuredmedia":[{"embeddable":true,"href":"https:\/\/diariodigitalmx.com\/index.php\/wp-json\/wp\/v2\/media\/116585"}],"wp:attachment":[{"href":"https:\/\/diariodigitalmx.com\/index.php\/wp-json\/wp\/v2\/media?parent=116583"}],"wp:term":[{"taxonomy":"category","embeddable":true,"href":"https:\/\/diariodigitalmx.com\/index.php\/wp-json\/wp\/v2\/categories?post=116583"},{"taxonomy":"post_tag","embeddable":true,"href":"https:\/\/diariodigitalmx.com\/index.php\/wp-json\/wp\/v2\/tags?post=116583"}],"curies":[{"name":"wp","href":"https:\/\/api.w.org\/{rel}","templated":true}]}}