{"id":116628,"date":"2024-04-07T11:29:22","date_gmt":"2024-04-07T16:29:22","guid":{"rendered":"https:\/\/diariodigitalmx.com\/?p=116628"},"modified":"2024-04-07T11:31:04","modified_gmt":"2024-04-07T16:31:04","slug":"se-preparan-centros-comunitarios-de-nl-rumbo-a-olimpiada-estatal-2024","status":"publish","type":"post","link":"https:\/\/diariodigitalmx.com\/index.php\/2024\/04\/07\/se-preparan-centros-comunitarios-de-nl-rumbo-a-olimpiada-estatal-2024\/","title":{"rendered":"Se preparan centros comunitarios de NL, rumbo a Olimpiada Estatal 2024"},"content":{"rendered":"\n<p>Monterrey, Nuevo Le\u00f3n.- Para seleccionar a las y los mejores deportistas que representar\u00e1n por primera vez a la Secretar\u00eda de Igualdad e Inclusi\u00f3n en las Olimpiadas Estatales 2024, este s\u00e1bado se llev\u00f3 a cabo el Torneo de Barrios de Karate.<\/p>\n\n\n\n<p>En el evento deportivo que se realiz\u00f3 en el Centro Comunitario Monte Kristal, en Ju\u00e1rez se seleccionaron a los 18 mejores deportistas en esta disciplina en las categor\u00edas 2010-2011 y 2012-2013 de la rama varonil y femenil, que conformar\u00e1n el grupo de Centros Comunitarios, con la intenci\u00f3n de integrarse a la selecci\u00f3n estatal de Nuevo Le\u00f3n.<\/p>\n\n\n\n<figure class=\"wp-block-image size-full\"><img loading=\"lazy\" decoding=\"async\" width=\"421\" height=\"281\" src=\"https:\/\/diariodigitalmx.com\/wp-content\/uploads\/2024\/04\/IMG_20240407_102702_841.webp\" alt=\"\" class=\"wp-image-116631\" srcset=\"https:\/\/diariodigitalmx.com\/wp-content\/uploads\/2024\/04\/IMG_20240407_102702_841.webp 421w, https:\/\/diariodigitalmx.com\/wp-content\/uploads\/2024\/04\/IMG_20240407_102702_841-300x200.webp 300w\" sizes=\"(max-width: 421px) 100vw, 421px\" \/><\/figure>\n\n\n\n<p>Los seleccionados representar\u00e1n a los Centros Comunitarios Santa Fe, Monte Kristal, Valle Soleado y Arboledas de los Naranjos, quienes integrar\u00e1n el equipo representativo de la Secretar\u00eda de Igualdad e Inclusi\u00f3n.<\/p>\n\n\n\n<figure class=\"wp-block-image size-full\"><img loading=\"lazy\" decoding=\"async\" width=\"512\" height=\"384\" src=\"https:\/\/diariodigitalmx.com\/wp-content\/uploads\/2024\/04\/IMG_20240407_102702_658.webp\" alt=\"\" class=\"wp-image-116634\" srcset=\"https:\/\/diariodigitalmx.com\/wp-content\/uploads\/2024\/04\/IMG_20240407_102702_658.webp 512w, https:\/\/diariodigitalmx.com\/wp-content\/uploads\/2024\/04\/IMG_20240407_102702_658-300x225.webp 300w\" sizes=\"(max-width: 512px) 100vw, 512px\" \/><\/figure>\n\n\n\n<p>El torneo selectivo para conformar el equipo de Karate rumbo a la Olimpiada Estatal, cont\u00f3 con la asistencia de deportistas que participan en esta disciplina en los talleres que se dan en los Centros Comunitarios.<\/p>\n\n\n\n<figure class=\"wp-block-image size-full\"><img loading=\"lazy\" decoding=\"async\" width=\"512\" height=\"342\" src=\"https:\/\/diariodigitalmx.com\/wp-content\/uploads\/2024\/04\/IMG_20240407_102702_492.webp\" alt=\"\" class=\"wp-image-116636\" srcset=\"https:\/\/diariodigitalmx.com\/wp-content\/uploads\/2024\/04\/IMG_20240407_102702_492.webp 512w, https:\/\/diariodigitalmx.com\/wp-content\/uploads\/2024\/04\/IMG_20240407_102702_492-300x200.webp 300w\" sizes=\"(max-width: 512px) 100vw, 512px\" \/><\/figure>\n\n\n\n<p>A trav\u00e9s de los torneos de barrios para el desarrollo deportivo se potencializa a las ni\u00f1as, ni\u00f1os, adolescentes y j\u00f3venes que practican alg\u00fan deporte dentro de los talleres deportivos, adem\u00e1s de que se busca proyectar el deporte de alto rendimiento que se practica en Centros Comunitarios como semillero de nuevos talentos deportivos con visi\u00f3n en los Juegos Ol\u00edmpicos.<\/p>\n\n\n\n<p><\/p>\n","protected":false},"excerpt":{"rendered":"<p>Monterrey, Nuevo Le\u00f3n.- Para seleccionar a las y los mejores deportistas que representar\u00e1n por primera vez a la Secretar\u00eda de Igualdad e Inclusi\u00f3n en las Olimpiadas Estatales 2024, este s\u00e1bado se llev\u00f3 a cabo el Torneo de Barrios de Karate. En el evento deportivo que se realiz\u00f3 en el Centro Comunitario Monte Kristal, en Ju\u00e1rez [&hellip;]<\/p>\n","protected":false},"author":1,"featured_media":116630,"comment_status":"open","ping_status":"open","sticky":true,"template":"","format":"standard","meta":{"footnotes":""},"categories":[8,14],"tags":[],"_links":{"self":[{"href":"https:\/\/diariodigitalmx.com\/index.php\/wp-json\/wp\/v2\/posts\/116628"}],"collection":[{"href":"https:\/\/diariodigitalmx.com\/index.php\/wp-json\/wp\/v2\/posts"}],"about":[{"href":"https:\/\/diariodigitalmx.com\/index.php\/wp-json\/wp\/v2\/types\/post"}],"author":[{"embeddable":true,"href":"https:\/\/diariodigitalmx.com\/index.php\/wp-json\/wp\/v2\/users\/1"}],"replies":[{"embeddable":true,"href":"https:\/\/diariodigitalmx.com\/index.php\/wp-json\/wp\/v2\/comments?post=116628"}],"version-history":[{"count":4,"href":"https:\/\/diariodigitalmx.com\/index.php\/wp-json\/wp\/v2\/posts\/116628\/revisions"}],"predecessor-version":[{"id":116637,"href":"https:\/\/diariodigitalmx.com\/index.php\/wp-json\/wp\/v2\/posts\/116628\/revisions\/116637"}],"wp:featuredmedia":[{"embeddable":true,"href":"https:\/\/diariodigitalmx.com\/index.php\/wp-json\/wp\/v2\/media\/116630"}],"wp:attachment":[{"href":"https:\/\/diariodigitalmx.com\/index.php\/wp-json\/wp\/v2\/media?parent=116628"}],"wp:term":[{"taxonomy":"category","embeddable":true,"href":"https:\/\/diariodigitalmx.com\/index.php\/wp-json\/wp\/v2\/categories?post=116628"},{"taxonomy":"post_tag","embeddable":true,"href":"https:\/\/diariodigitalmx.com\/index.php\/wp-json\/wp\/v2\/tags?post=116628"}],"curies":[{"name":"wp","href":"https:\/\/api.w.org\/{rel}","templated":true}]}}