{"id":116661,"date":"2024-04-07T16:21:12","date_gmt":"2024-04-07T21:21:12","guid":{"rendered":"https:\/\/diariodigitalmx.com\/?p=116661"},"modified":"2024-04-07T16:23:47","modified_gmt":"2024-04-07T21:23:47","slug":"equipa-escobedo-a-proxpol","status":"publish","type":"post","link":"https:\/\/diariodigitalmx.com\/index.php\/2024\/04\/07\/equipa-escobedo-a-proxpol\/","title":{"rendered":"Equipa Escobedo a Proxpol"},"content":{"rendered":"\n<figure class=\"wp-block-image size-large\"><img loading=\"lazy\" decoding=\"async\" width=\"1024\" height=\"682\" src=\"https:\/\/diariodigitalmx.com\/wp-content\/uploads\/2024\/04\/IMG-20240407-WA0126-1024x682.jpg\" alt=\"\" class=\"wp-image-116665\" srcset=\"https:\/\/diariodigitalmx.com\/wp-content\/uploads\/2024\/04\/IMG-20240407-WA0126-1024x682.jpg 1024w, https:\/\/diariodigitalmx.com\/wp-content\/uploads\/2024\/04\/IMG-20240407-WA0126-300x200.jpg 300w, https:\/\/diariodigitalmx.com\/wp-content\/uploads\/2024\/04\/IMG-20240407-WA0126-768x512.jpg 768w, https:\/\/diariodigitalmx.com\/wp-content\/uploads\/2024\/04\/IMG-20240407-WA0126-1536x1023.jpg 1536w, https:\/\/diariodigitalmx.com\/wp-content\/uploads\/2024\/04\/IMG-20240407-WA0126.jpg 1600w\" sizes=\"(max-width: 1024px) 100vw, 1024px\" \/><\/figure>\n\n\n\n<p>*Invierte Gobierno Municipal<br>m\u00e1s de 50 mdp para el bienestar de las familias<br>Para bienestar de las familias y disuadir delitos, el Municipio de Escobedo puso en marcha 25 unidades equipadas con tecnolog\u00eda de \u00faltima generaci\u00f3n, as\u00ed como una Torre de Vigilancia.<\/p>\n\n\n\n<figure class=\"wp-block-image size-large\"><img loading=\"lazy\" decoding=\"async\" width=\"1024\" height=\"682\" src=\"https:\/\/diariodigitalmx.com\/wp-content\/uploads\/2024\/04\/IMG-20240407-WA0125-1024x682.jpg\" alt=\"\" class=\"wp-image-116667\" srcset=\"https:\/\/diariodigitalmx.com\/wp-content\/uploads\/2024\/04\/IMG-20240407-WA0125-1024x682.jpg 1024w, https:\/\/diariodigitalmx.com\/wp-content\/uploads\/2024\/04\/IMG-20240407-WA0125-300x200.jpg 300w, https:\/\/diariodigitalmx.com\/wp-content\/uploads\/2024\/04\/IMG-20240407-WA0125-768x512.jpg 768w, https:\/\/diariodigitalmx.com\/wp-content\/uploads\/2024\/04\/IMG-20240407-WA0125-1536x1023.jpg 1536w, https:\/\/diariodigitalmx.com\/wp-content\/uploads\/2024\/04\/IMG-20240407-WA0125.jpg 1600w\" sizes=\"(max-width: 1024px) 100vw, 1024px\" \/><\/figure>\n\n\n\n<p><br>Jos\u00e9 Antonio Quiroga Chapa, Encargado del Despacho de la Presidencia Municipal, y Marco Antonio Zavala Sol\u00eds, Secretario de Seguridad Ciudadana, hicieron entrega de las unidades en la Plaza Principal.<br>\u201cEl Gobierno de Escobedo est\u00e1 muy interesado en que la ciudadan\u00eda est\u00e9 segura, pero tambi\u00e9n nos interesa que nuestra polic\u00eda, est\u00e9 protegida para servir mejor a la comunidad\u201d, dijo Quiroga Chapa.<\/p>\n\n\n\n<figure class=\"wp-block-image size-large\"><img loading=\"lazy\" decoding=\"async\" width=\"1024\" height=\"682\" src=\"https:\/\/diariodigitalmx.com\/wp-content\/uploads\/2024\/04\/IMG-20240407-WA0124-1024x682.jpg\" alt=\"\" class=\"wp-image-116670\" srcset=\"https:\/\/diariodigitalmx.com\/wp-content\/uploads\/2024\/04\/IMG-20240407-WA0124-1024x682.jpg 1024w, https:\/\/diariodigitalmx.com\/wp-content\/uploads\/2024\/04\/IMG-20240407-WA0124-300x200.jpg 300w, https:\/\/diariodigitalmx.com\/wp-content\/uploads\/2024\/04\/IMG-20240407-WA0124-768x512.jpg 768w, https:\/\/diariodigitalmx.com\/wp-content\/uploads\/2024\/04\/IMG-20240407-WA0124-1536x1023.jpg 1536w, https:\/\/diariodigitalmx.com\/wp-content\/uploads\/2024\/04\/IMG-20240407-WA0124.jpg 1600w\" sizes=\"(max-width: 1024px) 100vw, 1024px\" \/><\/figure>\n\n\n\n<p>Est\u00e1s unidades se suman a las ya puestas en marcha por la Administraci\u00f3n, las cuales cuentan con c\u00e1maras interiores y exteriores, adem\u00e1s lectores para placas de autom\u00f3viles y faciales.<br>Tambi\u00e9n, el Gobierno Municipal ha adquirido armas no letales como el \u201cTaser 7\u201d, drones inteligentes con c\u00e1maras t\u00e9rmicas, y c\u00e1maras corporales para los oficiales<br>Las nuevas unidades se destinar\u00e1n para Polic\u00eda de Proximidad, Grupos Especiales, Polic\u00edas Viales y An\u00e1lisis e Investigaci\u00f3n.<\/p>\n","protected":false},"excerpt":{"rendered":"<p>*Invierte Gobierno Municipalm\u00e1s de 50 mdp para el bienestar de las familiasPara bienestar de las familias y disuadir delitos, el Municipio de Escobedo puso en marcha 25 unidades equipadas con tecnolog\u00eda de \u00faltima generaci\u00f3n, as\u00ed como una Torre de Vigilancia. Jos\u00e9 Antonio Quiroga Chapa, Encargado del Despacho de la Presidencia Municipal, y Marco Antonio Zavala [&hellip;]<\/p>\n","protected":false},"author":1,"featured_media":116663,"comment_status":"open","ping_status":"open","sticky":true,"template":"","format":"standard","meta":{"footnotes":""},"categories":[14,6],"tags":[],"_links":{"self":[{"href":"https:\/\/diariodigitalmx.com\/index.php\/wp-json\/wp\/v2\/posts\/116661"}],"collection":[{"href":"https:\/\/diariodigitalmx.com\/index.php\/wp-json\/wp\/v2\/posts"}],"about":[{"href":"https:\/\/diariodigitalmx.com\/index.php\/wp-json\/wp\/v2\/types\/post"}],"author":[{"embeddable":true,"href":"https:\/\/diariodigitalmx.com\/index.php\/wp-json\/wp\/v2\/users\/1"}],"replies":[{"embeddable":true,"href":"https:\/\/diariodigitalmx.com\/index.php\/wp-json\/wp\/v2\/comments?post=116661"}],"version-history":[{"count":6,"href":"https:\/\/diariodigitalmx.com\/index.php\/wp-json\/wp\/v2\/posts\/116661\/revisions"}],"predecessor-version":[{"id":116673,"href":"https:\/\/diariodigitalmx.com\/index.php\/wp-json\/wp\/v2\/posts\/116661\/revisions\/116673"}],"wp:featuredmedia":[{"embeddable":true,"href":"https:\/\/diariodigitalmx.com\/index.php\/wp-json\/wp\/v2\/media\/116663"}],"wp:attachment":[{"href":"https:\/\/diariodigitalmx.com\/index.php\/wp-json\/wp\/v2\/media?parent=116661"}],"wp:term":[{"taxonomy":"category","embeddable":true,"href":"https:\/\/diariodigitalmx.com\/index.php\/wp-json\/wp\/v2\/categories?post=116661"},{"taxonomy":"post_tag","embeddable":true,"href":"https:\/\/diariodigitalmx.com\/index.php\/wp-json\/wp\/v2\/tags?post=116661"}],"curies":[{"name":"wp","href":"https:\/\/api.w.org\/{rel}","templated":true}]}}