{"id":116680,"date":"2024-04-08T01:08:07","date_gmt":"2024-04-08T06:08:07","guid":{"rendered":"https:\/\/diariodigitalmx.com\/?p=116680"},"modified":"2024-04-08T01:08:49","modified_gmt":"2024-04-08T06:08:49","slug":"graduacion","status":"publish","type":"post","link":"https:\/\/diariodigitalmx.com\/index.php\/2024\/04\/08\/graduacion\/","title":{"rendered":"Graduaci\u00f3n"},"content":{"rendered":"\n<p>Mientras recordaba el acto solemne de la graduaci\u00f3n de preescolar de mi hijo m\u00e1s peque\u00f1o, me conmov\u00eda profundamente ver el respeto con que ni\u00f1os de 5 y 6 a\u00f1os respectivamente, realizaban honores a los s\u00edmbolos patrios.<\/p>\n\n\n\n<p>Ve\u00eda y escuchaba la seriedad de la sargento de la escolta mientras hac\u00eda entrega de la bandera a los peque\u00f1os de segundo grado; ella le dec\u00eda que la patria les premiar\u00eda su labor, pero que si no la hac\u00edan adecuadamente, la sociedad se lo demandar\u00eda, y ellos lo aceptaron.<\/p>\n\n\n\n<p>Quer\u00eda grabar con mis ojos al resto de las escoltas firmes, con perfecci\u00f3n marcial (\u00a1en ni\u00f1os de 4 y 5 a\u00f1os!), la comandante y la banda de guerra, y entonces escuchaba los gemidos de ternura de los pap\u00e1s viendo a sus peque\u00f1os y pensaba: si los pap\u00e1s tuvi\u00e9ramos la mitad de respeto que estos chiquitos muestran ante los valores, la sociedad ser\u00eda tan diferente. Esto no es tierno,<em>&nbsp;\u00a1es serio, mira&#8230; los ni\u00f1os lo creen, cr\u00e9elo t\u00fa tambi\u00e9n!<\/em><\/p>\n\n\n\n<p>Espero poder ense\u00f1arle a mis hijos que la vida es hermosa, pero que deben tomarla seriamente, o van a perder el tiempo en banalidades y eso s\u00ed que es un desperdicio.<\/p>\n\n\n\n<p>Est\u00e1 bien tomar a la ligera algunas cosas que son desechables y no tienen valor alguno como la tristeza, la derrota, los errores, las ofensas; pero toma con seriedad las cosas que valen como el amor, la fe, el trabajo, el respeto, la familia, la tolerancia&#8230;<\/p>\n\n\n\n<p>Si tan s\u00f3lo los pap\u00e1s de estos ni\u00f1os hici\u00e9ramos la mitad del esfuerzo que ellos hacen, y tom\u00e1ramos con la mitad de la seriedad y valor que ellos le dan&#8230; nuestra vida cambiar\u00eda, nuestra colonia .. nuestro ambiente de trabajo, nuestra ciudad, \u00a1nuestra actitud!<\/p>\n\n\n\n<p>Y recordaba que si tan solo los que se hacen llamar hijos de Dios, se humillan, oran, lo buscan y abandonan su mala conducta, entonces \u00c9l nos escuchar\u00e1 desde el cielo, perdonar\u00e1 nuestros pecados y restaurar\u00e1 el bienestar del pa\u00eds.<\/p>\n\n\n\n<p>(Si tan solo los que se dicen hijos de Dios lo hacen&#8230; no los incr\u00e9dulos.. \u00a1los creyentes! \u00c9l sanar\u00e1 a TODO EL PA\u00cdS).<\/p>\n\n\n\n<p>Los que nos consideramos hijos de Dios necesitamos ser humildes, orar, buscar al Se\u00f1or para agradarlo (m\u00e1s que para pedirle cosas) y abandonar nuestra mala conducta para que entonces, s\u00ed, entonces, \u00c9l nos perdone nuestros pecados y restaure esta tierra.<\/p>\n\n\n\n<p>Yo no quiero heredarle a mi hijo una fortuna nada m\u00e1s, quiero heredarle un LEGADO que le permita hacer del mundo un lugar mejor.<\/p>\n\n\n\n<p>Me enderezo mientras canto que &#8220;en el cielo tu eterno destino, por el dedo de Dios se escribi\u00f3&#8230;.&#8221; y ruego al Padre que me permita hacerlo.<\/p>\n\n\n\n<p>\u00bfCree esto? Hable con Dios, lea la Biblia y desc\u00fabralo.&nbsp; Solo la Verdad nos har\u00e1 verdaderamente libres.<\/p>\n\n\n\n<p>2 Cr\u00f3nicas 7:14<\/p>\n\n\n\n<p>Email&nbsp;<a href=\"mailto:mujervirtuosa@instruccionespersonales.com\" target=\"_blank\" rel=\"noreferrer noopener\">mujervirtuosa@instruccionespersonales.com<br><\/a>Facebook e Instagram, @<a href=\"https:\/\/www.facebook.com\/InstruccionesPersonales\" target=\"_blank\" rel=\"noreferrer noopener\">InstruccionesPersonales<\/a>&nbsp;<\/p>\n\n\n\n<p>Whatsapp:&nbsp;<a href=\"https:\/\/chat.whatsapp.com\/IvEOo3fLUPB760llpNegXy\" target=\"_blank\" rel=\"noreferrer noopener\">https:\/\/chat.whatsapp.com\/IvEOo3fLUPB760llpNegXy<\/a>&nbsp;&nbsp;&nbsp;&nbsp;&nbsp;<\/p>\n\n\n\n<p>Telegram:&nbsp;<a href=\"https:\/\/t.me\/joinchat\/GadGUwf0PUjYH44I\" target=\"_blank\" rel=\"noreferrer noopener\">https:\/\/t.me\/joinchat\/GadGUwf0PUjYH44I<\/a><\/p>\n","protected":false},"excerpt":{"rendered":"<p>Mientras recordaba el acto solemne de la graduaci\u00f3n de preescolar de mi hijo m\u00e1s peque\u00f1o, me conmov\u00eda profundamente ver el respeto con que ni\u00f1os de 5 y 6 a\u00f1os respectivamente, realizaban honores a los s\u00edmbolos patrios. Ve\u00eda y escuchaba la seriedad de la sargento de la escolta mientras hac\u00eda entrega de la bandera a los [&hellip;]<\/p>\n","protected":false},"author":1,"featured_media":116682,"comment_status":"open","ping_status":"open","sticky":true,"template":"","format":"standard","meta":{"footnotes":""},"categories":[12,5],"tags":[],"_links":{"self":[{"href":"https:\/\/diariodigitalmx.com\/index.php\/wp-json\/wp\/v2\/posts\/116680"}],"collection":[{"href":"https:\/\/diariodigitalmx.com\/index.php\/wp-json\/wp\/v2\/posts"}],"about":[{"href":"https:\/\/diariodigitalmx.com\/index.php\/wp-json\/wp\/v2\/types\/post"}],"author":[{"embeddable":true,"href":"https:\/\/diariodigitalmx.com\/index.php\/wp-json\/wp\/v2\/users\/1"}],"replies":[{"embeddable":true,"href":"https:\/\/diariodigitalmx.com\/index.php\/wp-json\/wp\/v2\/comments?post=116680"}],"version-history":[{"count":1,"href":"https:\/\/diariodigitalmx.com\/index.php\/wp-json\/wp\/v2\/posts\/116680\/revisions"}],"predecessor-version":[{"id":116681,"href":"https:\/\/diariodigitalmx.com\/index.php\/wp-json\/wp\/v2\/posts\/116680\/revisions\/116681"}],"wp:featuredmedia":[{"embeddable":true,"href":"https:\/\/diariodigitalmx.com\/index.php\/wp-json\/wp\/v2\/media\/116682"}],"wp:attachment":[{"href":"https:\/\/diariodigitalmx.com\/index.php\/wp-json\/wp\/v2\/media?parent=116680"}],"wp:term":[{"taxonomy":"category","embeddable":true,"href":"https:\/\/diariodigitalmx.com\/index.php\/wp-json\/wp\/v2\/categories?post=116680"},{"taxonomy":"post_tag","embeddable":true,"href":"https:\/\/diariodigitalmx.com\/index.php\/wp-json\/wp\/v2\/tags?post=116680"}],"curies":[{"name":"wp","href":"https:\/\/api.w.org\/{rel}","templated":true}]}}