{"id":116716,"date":"2024-04-08T18:55:00","date_gmt":"2024-04-08T23:55:00","guid":{"rendered":"https:\/\/diariodigitalmx.com\/?p=116716"},"modified":"2024-04-08T18:56:55","modified_gmt":"2024-04-08T23:56:55","slug":"en-escobedo-arman-una-fiesta-astronomica-para-ver-el-eclipse","status":"publish","type":"post","link":"https:\/\/diariodigitalmx.com\/index.php\/2024\/04\/08\/en-escobedo-arman-una-fiesta-astronomica-para-ver-el-eclipse\/","title":{"rendered":"En Escobedo &#8220;arman&#8221; una fiesta astron\u00f3mica para ver el eclipse"},"content":{"rendered":"\n<figure class=\"wp-block-image size-large\"><img loading=\"lazy\" decoding=\"async\" width=\"1024\" height=\"682\" src=\"https:\/\/diariodigitalmx.com\/wp-content\/uploads\/2024\/04\/WhatsApp-Image-2024-04-08-at-3.40.43-PM-2-1024x682.jpeg\" alt=\"\" class=\"wp-image-116719\" srcset=\"https:\/\/diariodigitalmx.com\/wp-content\/uploads\/2024\/04\/WhatsApp-Image-2024-04-08-at-3.40.43-PM-2-1024x682.jpeg 1024w, https:\/\/diariodigitalmx.com\/wp-content\/uploads\/2024\/04\/WhatsApp-Image-2024-04-08-at-3.40.43-PM-2-300x200.jpeg 300w, https:\/\/diariodigitalmx.com\/wp-content\/uploads\/2024\/04\/WhatsApp-Image-2024-04-08-at-3.40.43-PM-2-768x512.jpeg 768w, https:\/\/diariodigitalmx.com\/wp-content\/uploads\/2024\/04\/WhatsApp-Image-2024-04-08-at-3.40.43-PM-2-1536x1023.jpeg 1536w, https:\/\/diariodigitalmx.com\/wp-content\/uploads\/2024\/04\/WhatsApp-Image-2024-04-08-at-3.40.43-PM-2.jpeg 1600w\" sizes=\"(max-width: 1024px) 100vw, 1024px\" \/><\/figure>\n\n\n\n<p>La Plaza Principal de Escobedo se convirti\u00f3 en un observatorio astron\u00f3mico, debido a que decenas de personas se reunieron para apreciar el eclipse solar.<\/p>\n\n\n\n<p>El gran telescopio con lentes de gran alcance facilitado por el Gobierno de Escobedo fue muy solicitado para ver el fen\u00f3meno natural.<\/p>\n\n\n\n<figure class=\"wp-block-image size-large\"><img loading=\"lazy\" decoding=\"async\" width=\"1024\" height=\"680\" src=\"https:\/\/diariodigitalmx.com\/wp-content\/uploads\/2024\/04\/WhatsApp-Image-2024-04-08-at-3.40.44-PM-1024x680.jpeg\" alt=\"\" class=\"wp-image-116722\" srcset=\"https:\/\/diariodigitalmx.com\/wp-content\/uploads\/2024\/04\/WhatsApp-Image-2024-04-08-at-3.40.44-PM-1024x680.jpeg 1024w, https:\/\/diariodigitalmx.com\/wp-content\/uploads\/2024\/04\/WhatsApp-Image-2024-04-08-at-3.40.44-PM-300x199.jpeg 300w, https:\/\/diariodigitalmx.com\/wp-content\/uploads\/2024\/04\/WhatsApp-Image-2024-04-08-at-3.40.44-PM-768x510.jpeg 768w, https:\/\/diariodigitalmx.com\/wp-content\/uploads\/2024\/04\/WhatsApp-Image-2024-04-08-at-3.40.44-PM-1536x1020.jpeg 1536w, https:\/\/diariodigitalmx.com\/wp-content\/uploads\/2024\/04\/WhatsApp-Image-2024-04-08-at-3.40.44-PM.jpeg 1600w\" sizes=\"(max-width: 1024px) 100vw, 1024px\" \/><\/figure>\n\n\n\n<p>Personal de la Secretar\u00eda del Bienestar de Escobedo y de la Direcci\u00f3n de Educaci\u00f3n Municipal coordinaron las labores para que todos los asistentes lo vieran y se llevaran una grata experiencia a casa.<\/p>\n\n\n\n<p>Fue con la ayuda de un telescopio especial que familias completas vieron el momento en el cual se unieron el Sol y la Luna, lo que provoc\u00f3 el asombro.<\/p>\n\n\n\n<p>Fue alrededor del medio d\u00eda de \u00e9ste Lunes que motivados por ver el fen\u00f3meno natural y vivir el hist\u00f3rico momento los asistentes llegaron a la Explanada.<\/p>\n\n\n\n<figure class=\"wp-block-gallery has-nested-images columns-default is-cropped wp-block-gallery-1 is-layout-flex wp-block-gallery-is-layout-flex\">\n<figure class=\"wp-block-image size-large\"><img loading=\"lazy\" decoding=\"async\" width=\"1024\" height=\"682\" data-id=\"116724\" src=\"https:\/\/diariodigitalmx.com\/wp-content\/uploads\/2024\/04\/WhatsApp-Image-2024-04-08-at-3.40.43-PM-1-1024x682.jpeg\" alt=\"\" class=\"wp-image-116724\" srcset=\"https:\/\/diariodigitalmx.com\/wp-content\/uploads\/2024\/04\/WhatsApp-Image-2024-04-08-at-3.40.43-PM-1-1024x682.jpeg 1024w, https:\/\/diariodigitalmx.com\/wp-content\/uploads\/2024\/04\/WhatsApp-Image-2024-04-08-at-3.40.43-PM-1-300x200.jpeg 300w, https:\/\/diariodigitalmx.com\/wp-content\/uploads\/2024\/04\/WhatsApp-Image-2024-04-08-at-3.40.43-PM-1-768x512.jpeg 768w, https:\/\/diariodigitalmx.com\/wp-content\/uploads\/2024\/04\/WhatsApp-Image-2024-04-08-at-3.40.43-PM-1-1536x1023.jpeg 1536w, https:\/\/diariodigitalmx.com\/wp-content\/uploads\/2024\/04\/WhatsApp-Image-2024-04-08-at-3.40.43-PM-1.jpeg 1600w\" sizes=\"(max-width: 1024px) 100vw, 1024px\" \/><\/figure>\n\n\n\n<figure class=\"wp-block-image size-large\"><img loading=\"lazy\" decoding=\"async\" width=\"1024\" height=\"682\" data-id=\"116726\" src=\"https:\/\/diariodigitalmx.com\/wp-content\/uploads\/2024\/04\/WhatsApp-Image-2024-04-08-at-3.40.43-PM-1024x682.jpeg\" alt=\"\" class=\"wp-image-116726\" srcset=\"https:\/\/diariodigitalmx.com\/wp-content\/uploads\/2024\/04\/WhatsApp-Image-2024-04-08-at-3.40.43-PM-1024x682.jpeg 1024w, https:\/\/diariodigitalmx.com\/wp-content\/uploads\/2024\/04\/WhatsApp-Image-2024-04-08-at-3.40.43-PM-300x200.jpeg 300w, https:\/\/diariodigitalmx.com\/wp-content\/uploads\/2024\/04\/WhatsApp-Image-2024-04-08-at-3.40.43-PM-768x512.jpeg 768w, https:\/\/diariodigitalmx.com\/wp-content\/uploads\/2024\/04\/WhatsApp-Image-2024-04-08-at-3.40.43-PM-1536x1023.jpeg 1536w, https:\/\/diariodigitalmx.com\/wp-content\/uploads\/2024\/04\/WhatsApp-Image-2024-04-08-at-3.40.43-PM.jpeg 1600w\" sizes=\"(max-width: 1024px) 100vw, 1024px\" \/><\/figure>\n\n\n\n<figure class=\"wp-block-image size-large\"><img loading=\"lazy\" decoding=\"async\" width=\"1024\" height=\"680\" data-id=\"116725\" src=\"https:\/\/diariodigitalmx.com\/wp-content\/uploads\/2024\/04\/WhatsApp-Image-2024-04-08-at-3.40.43-PM-4-1024x680.jpeg\" alt=\"\" class=\"wp-image-116725\" srcset=\"https:\/\/diariodigitalmx.com\/wp-content\/uploads\/2024\/04\/WhatsApp-Image-2024-04-08-at-3.40.43-PM-4-1024x680.jpeg 1024w, https:\/\/diariodigitalmx.com\/wp-content\/uploads\/2024\/04\/WhatsApp-Image-2024-04-08-at-3.40.43-PM-4-300x199.jpeg 300w, https:\/\/diariodigitalmx.com\/wp-content\/uploads\/2024\/04\/WhatsApp-Image-2024-04-08-at-3.40.43-PM-4-768x510.jpeg 768w, https:\/\/diariodigitalmx.com\/wp-content\/uploads\/2024\/04\/WhatsApp-Image-2024-04-08-at-3.40.43-PM-4-1536x1020.jpeg 1536w, https:\/\/diariodigitalmx.com\/wp-content\/uploads\/2024\/04\/WhatsApp-Image-2024-04-08-at-3.40.43-PM-4.jpeg 1600w\" sizes=\"(max-width: 1024px) 100vw, 1024px\" \/><\/figure>\n<\/figure>\n\n\n\n<p>Las familias hicieron de momento toda una fiesta y aunque se les proporcionaron gafas especiales los asistentes se las ingeniaron para ver el eclipse en todo su esplendor.<\/p>\n\n\n\n<p>M\u00e1scaras de soldador, pedazos de cart\u00f3n con miras oscuras y lentes negros fueron los art\u00edculos que m\u00e1s se usaron para ver el eclipse de inicio a fin.<\/p>\n","protected":false},"excerpt":{"rendered":"<p>La Plaza Principal de Escobedo se convirti\u00f3 en un observatorio astron\u00f3mico, debido a que decenas de personas se reunieron para apreciar el eclipse solar. El gran telescopio con lentes de gran alcance facilitado por el Gobierno de Escobedo fue muy solicitado para ver el fen\u00f3meno natural. Personal de la Secretar\u00eda del Bienestar de Escobedo y [&hellip;]<\/p>\n","protected":false},"author":1,"featured_media":116718,"comment_status":"open","ping_status":"open","sticky":true,"template":"","format":"standard","meta":{"footnotes":""},"categories":[6,5],"tags":[],"_links":{"self":[{"href":"https:\/\/diariodigitalmx.com\/index.php\/wp-json\/wp\/v2\/posts\/116716"}],"collection":[{"href":"https:\/\/diariodigitalmx.com\/index.php\/wp-json\/wp\/v2\/posts"}],"about":[{"href":"https:\/\/diariodigitalmx.com\/index.php\/wp-json\/wp\/v2\/types\/post"}],"author":[{"embeddable":true,"href":"https:\/\/diariodigitalmx.com\/index.php\/wp-json\/wp\/v2\/users\/1"}],"replies":[{"embeddable":true,"href":"https:\/\/diariodigitalmx.com\/index.php\/wp-json\/wp\/v2\/comments?post=116716"}],"version-history":[{"count":4,"href":"https:\/\/diariodigitalmx.com\/index.php\/wp-json\/wp\/v2\/posts\/116716\/revisions"}],"predecessor-version":[{"id":116727,"href":"https:\/\/diariodigitalmx.com\/index.php\/wp-json\/wp\/v2\/posts\/116716\/revisions\/116727"}],"wp:featuredmedia":[{"embeddable":true,"href":"https:\/\/diariodigitalmx.com\/index.php\/wp-json\/wp\/v2\/media\/116718"}],"wp:attachment":[{"href":"https:\/\/diariodigitalmx.com\/index.php\/wp-json\/wp\/v2\/media?parent=116716"}],"wp:term":[{"taxonomy":"category","embeddable":true,"href":"https:\/\/diariodigitalmx.com\/index.php\/wp-json\/wp\/v2\/categories?post=116716"},{"taxonomy":"post_tag","embeddable":true,"href":"https:\/\/diariodigitalmx.com\/index.php\/wp-json\/wp\/v2\/tags?post=116716"}],"curies":[{"name":"wp","href":"https:\/\/api.w.org\/{rel}","templated":true}]}}