{"id":116748,"date":"2024-04-09T07:45:34","date_gmt":"2024-04-09T12:45:34","guid":{"rendered":"https:\/\/diariodigitalmx.com\/?p=116748"},"modified":"2024-04-09T07:57:56","modified_gmt":"2024-04-09T12:57:56","slug":"eclipse-solar-2024","status":"publish","type":"post","link":"https:\/\/diariodigitalmx.com\/index.php\/2024\/04\/09\/eclipse-solar-2024\/","title":{"rendered":"Eclipse solar 2024"},"content":{"rendered":"\n<p><strong>C<\/strong>lara Villarreal <\/p>\n\n\n\n<p>\u201cUna breve reflexi\u00f3n sobre nuestra conexi\u00f3n con el universo y la naturaleza!\u201d. Este lunes 8 de abril de 2024, el mundo fue testigo de un fen\u00f3meno astron\u00f3mico extraordinario: un eclipse solar total que cautiv\u00f3 a millones de personas en todo el globo. Durante este evento c\u00f3smico, la Luna se interpuso entre la Tierra y el Sol, creando una impresionante oscuridad en pleno d\u00eda y brindando a observadores de todo el mundo una vista espectacular del halo solar. Durante el eclipse total, m\u00e1s all\u00e1 de ser un evento astron\u00f3mico de gran impacto visual, se convirti\u00f3 en una ventana hacia la reflexi\u00f3n profunda sobre nuestra conexi\u00f3n con el universo y la naturaleza que nos rodea. En un mundo marcado por la tecnolog\u00eda y el bullicio constante, el eclipse nos regal\u00f3 un momento de pausa para reconectar con la grandeza y la armon\u00eda del universo. Al contemplar c\u00f3mo la Luna se alineaba perfectamente entre la Tierra y el Sol, experimentamos una sensaci\u00f3n de asombro y humildad ante la magnificencia de la creaci\u00f3n. Durante breves minutos, la humanidad se uni\u00f3 en admiraci\u00f3n silenciosa ante la grandeza del cosmos, record\u00e1ndonos nuestra humilde posici\u00f3n en el planeta Tierra. Este fen\u00f3meno nos record\u00f3 que somos parte de algo mucho m\u00e1s grande que nosotros mismos. Nos invit\u00f3 a reflexionar sobre nuestra posici\u00f3n en el universo y nuestra interconexi\u00f3n con todas las formas de vida que habitan en \u00e9l. En medio de la oscuridad moment\u00e1nea causada por la sombra lunar, encontramos una oportunidad para iluminar nuestra comprensi\u00f3n y apreciaci\u00f3n de la belleza y la diversidad. Sin embargo, este no es el primer eclipse solar que ha dejado una huella en la historia reciente. Recordemos el eclipse solar del jueves 11 de julio de 1991, otro evento celestial que dej\u00f3 maravillados a millones de personas en todo el mundo. Aquel eclipse, aunque parcial en algunas regiones, tambi\u00e9n despert\u00f3 un sentido de asombro ante la belleza y el misterio del universo. Mirando hacia el futuro, anticipamos con expectaci\u00f3n el pr\u00f3ximo eclipse solar total que ocurrir\u00e1 en marzo de 2052. Si bien a\u00fan queda tiempo para prepararse, este evento promete ser otro momento inolvidable en la historia astron\u00f3mica de la humanidad. Nos aguardan nuevas oportunidades de reflexi\u00f3n y conexi\u00f3n, mientras continuamos explorando los misterios del cosmos. Twitter: @claravillarreal\u00a0<a href=\"mailto:contacto@claravillarreal.com\" target=\"_blank\" rel=\"noreferrer noopener\">contacto@claravillarreal.com<\/a><\/p>\n","protected":false},"excerpt":{"rendered":"<p>Clara Villarreal \u201cUna breve reflexi\u00f3n sobre nuestra conexi\u00f3n con el universo y la naturaleza!\u201d. Este lunes 8 de abril de 2024, el mundo fue testigo de un fen\u00f3meno astron\u00f3mico extraordinario: un eclipse solar total que cautiv\u00f3 a millones de personas en todo el globo. Durante este evento c\u00f3smico, la Luna se interpuso entre la Tierra [&hellip;]<\/p>\n","protected":false},"author":1,"featured_media":116750,"comment_status":"open","ping_status":"open","sticky":true,"template":"","format":"standard","meta":{"footnotes":""},"categories":[14,12],"tags":[],"_links":{"self":[{"href":"https:\/\/diariodigitalmx.com\/index.php\/wp-json\/wp\/v2\/posts\/116748"}],"collection":[{"href":"https:\/\/diariodigitalmx.com\/index.php\/wp-json\/wp\/v2\/posts"}],"about":[{"href":"https:\/\/diariodigitalmx.com\/index.php\/wp-json\/wp\/v2\/types\/post"}],"author":[{"embeddable":true,"href":"https:\/\/diariodigitalmx.com\/index.php\/wp-json\/wp\/v2\/users\/1"}],"replies":[{"embeddable":true,"href":"https:\/\/diariodigitalmx.com\/index.php\/wp-json\/wp\/v2\/comments?post=116748"}],"version-history":[{"count":1,"href":"https:\/\/diariodigitalmx.com\/index.php\/wp-json\/wp\/v2\/posts\/116748\/revisions"}],"predecessor-version":[{"id":116749,"href":"https:\/\/diariodigitalmx.com\/index.php\/wp-json\/wp\/v2\/posts\/116748\/revisions\/116749"}],"wp:featuredmedia":[{"embeddable":true,"href":"https:\/\/diariodigitalmx.com\/index.php\/wp-json\/wp\/v2\/media\/116750"}],"wp:attachment":[{"href":"https:\/\/diariodigitalmx.com\/index.php\/wp-json\/wp\/v2\/media?parent=116748"}],"wp:term":[{"taxonomy":"category","embeddable":true,"href":"https:\/\/diariodigitalmx.com\/index.php\/wp-json\/wp\/v2\/categories?post=116748"},{"taxonomy":"post_tag","embeddable":true,"href":"https:\/\/diariodigitalmx.com\/index.php\/wp-json\/wp\/v2\/tags?post=116748"}],"curies":[{"name":"wp","href":"https:\/\/api.w.org\/{rel}","templated":true}]}}