{"id":116754,"date":"2024-04-09T11:03:44","date_gmt":"2024-04-09T16:03:44","guid":{"rendered":"https:\/\/diariodigitalmx.com\/?p=116754"},"modified":"2024-04-09T11:07:27","modified_gmt":"2024-04-09T16:07:27","slug":"es-perla-serna-ama-de-casa-estudiante-universitaria-y-candidata-a-diputada-local","status":"publish","type":"post","link":"https:\/\/diariodigitalmx.com\/index.php\/2024\/04\/09\/es-perla-serna-ama-de-casa-estudiante-universitaria-y-candidata-a-diputada-local\/","title":{"rendered":"Es Perla Serna ama de casa, estudiante universitaria y candidata a diputada local"},"content":{"rendered":"\n<figure class=\"wp-block-image size-large\"><img loading=\"lazy\" decoding=\"async\" width=\"1024\" height=\"801\" src=\"https:\/\/diariodigitalmx.com\/wp-content\/uploads\/2024\/04\/436898901_122114753474255719_6757566146001360030_n-1024x801.jpg\" alt=\"\" class=\"wp-image-116758\" srcset=\"https:\/\/diariodigitalmx.com\/wp-content\/uploads\/2024\/04\/436898901_122114753474255719_6757566146001360030_n-1024x801.jpg 1024w, https:\/\/diariodigitalmx.com\/wp-content\/uploads\/2024\/04\/436898901_122114753474255719_6757566146001360030_n-300x235.jpg 300w, https:\/\/diariodigitalmx.com\/wp-content\/uploads\/2024\/04\/436898901_122114753474255719_6757566146001360030_n-768x601.jpg 768w, https:\/\/diariodigitalmx.com\/wp-content\/uploads\/2024\/04\/436898901_122114753474255719_6757566146001360030_n.jpg 1258w\" sizes=\"(max-width: 1024px) 100vw, 1024px\" \/><\/figure>\n\n\n\n<p>Por Pedro Garc\u00eda <\/p>\n\n\n\n<p>Apodaca, NL.- Con su juventud y su sencillez en la forma de relacionarse con las personas, Perla Serna ha conseguido que las vecinas y vecinos la reciban como candidata a diputada por el Distrito 16 local de Apodaca.<br>Perla Serna es la cara nueva por excelencia entre las campa\u00f1as electorales rumbo al 2 de junio de este a\u00f1o donde, decidida, asumi\u00f3 el reto de postularse por el PT, dentro de la Cuarta Transformaci\u00f3n, la muy popular 4T.<\/p>\n\n\n\n<figure class=\"wp-block-image size-large\"><img loading=\"lazy\" decoding=\"async\" width=\"1024\" height=\"896\" src=\"https:\/\/diariodigitalmx.com\/wp-content\/uploads\/2024\/04\/435786569_122114753132255719_1977679625087145382_n-1024x896.jpg\" alt=\"\" class=\"wp-image-116760\" srcset=\"https:\/\/diariodigitalmx.com\/wp-content\/uploads\/2024\/04\/435786569_122114753132255719_1977679625087145382_n-1024x896.jpg 1024w, https:\/\/diariodigitalmx.com\/wp-content\/uploads\/2024\/04\/435786569_122114753132255719_1977679625087145382_n-300x262.jpg 300w, https:\/\/diariodigitalmx.com\/wp-content\/uploads\/2024\/04\/435786569_122114753132255719_1977679625087145382_n-768x672.jpg 768w, https:\/\/diariodigitalmx.com\/wp-content\/uploads\/2024\/04\/435786569_122114753132255719_1977679625087145382_n.jpg 1357w\" sizes=\"(max-width: 1024px) 100vw, 1024px\" \/><\/figure>\n\n\n\n<p>Y, como nobleza obliga, la joven candidata s\u00f3lo tiene palabras de agradecimiento para las vecinas y vecinos de las colonias que se han tomado un tiempo para recibirla y escucharla.<br>Fue muy alentador para Perlita escuchar a algunas personas que le anticiparon que votar\u00e1 por su candidatura al Congreso del Estado por el PT, pues, es claro que el PT es la 4T.<br>\u201cEstoy muy agradecida con la gente porque me recibe con un alto nivel de educaci\u00f3n y sencillez y escucha mis planteamientos y toma nuestra propaganda\u201d, coment\u00f3 Perla Serna durante su recorrido por la colonia Prados de la Cieneguita y otras zonas vecinas.<\/p>\n\n\n\n<figure class=\"wp-block-image size-large\"><img loading=\"lazy\" decoding=\"async\" width=\"1013\" height=\"1024\" src=\"https:\/\/diariodigitalmx.com\/wp-content\/uploads\/2024\/04\/436447249_122114753624255719_7541584600667131102_n-1013x1024.jpg\" alt=\"\" class=\"wp-image-116763\" srcset=\"https:\/\/diariodigitalmx.com\/wp-content\/uploads\/2024\/04\/436447249_122114753624255719_7541584600667131102_n-1013x1024.jpg 1013w, https:\/\/diariodigitalmx.com\/wp-content\/uploads\/2024\/04\/436447249_122114753624255719_7541584600667131102_n-297x300.jpg 297w, https:\/\/diariodigitalmx.com\/wp-content\/uploads\/2024\/04\/436447249_122114753624255719_7541584600667131102_n-768x776.jpg 768w, https:\/\/diariodigitalmx.com\/wp-content\/uploads\/2024\/04\/436447249_122114753624255719_7541584600667131102_n-1520x1536.jpg 1520w, https:\/\/diariodigitalmx.com\/wp-content\/uploads\/2024\/04\/436447249_122114753624255719_7541584600667131102_n.jpg 1536w\" sizes=\"(max-width: 1013px) 100vw, 1013px\" \/><\/figure>\n\n\n\n<p>Perla, \u201cPerlita\u201d, dialog\u00f3 con mujeres y hombres a las puertas de sus casas, en las calles, en las banquetas y en numerosas negociaciones comerciales donde encontr\u00f3 paciencia y o\u00eddos abiertos a su propuesta.<br>Perla Serna es ama de casa y estudiante universitaria de Psicolog\u00eda y est\u00e1 en camino de vencer el reto de convertirse en diputada por el Distrito 16 local con cabecera en Apodaca<\/p>\n","protected":false},"excerpt":{"rendered":"<p>Por Pedro Garc\u00eda Apodaca, NL.- Con su juventud y su sencillez en la forma de relacionarse con las personas, Perla Serna ha conseguido que las vecinas y vecinos la reciban como candidata a diputada por el Distrito 16 local de Apodaca.Perla Serna es la cara nueva por excelencia entre las campa\u00f1as electorales rumbo al 2 [&hellip;]<\/p>\n","protected":false},"author":1,"featured_media":116756,"comment_status":"open","ping_status":"open","sticky":true,"template":"","format":"standard","meta":{"footnotes":""},"categories":[14,6],"tags":[],"_links":{"self":[{"href":"https:\/\/diariodigitalmx.com\/index.php\/wp-json\/wp\/v2\/posts\/116754"}],"collection":[{"href":"https:\/\/diariodigitalmx.com\/index.php\/wp-json\/wp\/v2\/posts"}],"about":[{"href":"https:\/\/diariodigitalmx.com\/index.php\/wp-json\/wp\/v2\/types\/post"}],"author":[{"embeddable":true,"href":"https:\/\/diariodigitalmx.com\/index.php\/wp-json\/wp\/v2\/users\/1"}],"replies":[{"embeddable":true,"href":"https:\/\/diariodigitalmx.com\/index.php\/wp-json\/wp\/v2\/comments?post=116754"}],"version-history":[{"count":8,"href":"https:\/\/diariodigitalmx.com\/index.php\/wp-json\/wp\/v2\/posts\/116754\/revisions"}],"predecessor-version":[{"id":116768,"href":"https:\/\/diariodigitalmx.com\/index.php\/wp-json\/wp\/v2\/posts\/116754\/revisions\/116768"}],"wp:featuredmedia":[{"embeddable":true,"href":"https:\/\/diariodigitalmx.com\/index.php\/wp-json\/wp\/v2\/media\/116756"}],"wp:attachment":[{"href":"https:\/\/diariodigitalmx.com\/index.php\/wp-json\/wp\/v2\/media?parent=116754"}],"wp:term":[{"taxonomy":"category","embeddable":true,"href":"https:\/\/diariodigitalmx.com\/index.php\/wp-json\/wp\/v2\/categories?post=116754"},{"taxonomy":"post_tag","embeddable":true,"href":"https:\/\/diariodigitalmx.com\/index.php\/wp-json\/wp\/v2\/tags?post=116754"}],"curies":[{"name":"wp","href":"https:\/\/api.w.org\/{rel}","templated":true}]}}