{"id":116883,"date":"2024-04-11T00:32:54","date_gmt":"2024-04-11T05:32:54","guid":{"rendered":"https:\/\/diariodigitalmx.com\/?p=116883"},"modified":"2024-04-11T00:33:37","modified_gmt":"2024-04-11T05:33:37","slug":"alerta-alito-de-guerra-sucia-ante-la-ventaja-que-tiene-adrian-de-la-garza-en-monterrey","status":"publish","type":"post","link":"https:\/\/diariodigitalmx.com\/index.php\/2024\/04\/11\/alerta-alito-de-guerra-sucia-ante-la-ventaja-que-tiene-adrian-de-la-garza-en-monterrey\/","title":{"rendered":"Alerta &#8220;Alito&#8221; de guerra sucia ante la ventaja que tiene Adri\u00e1n de la Garza en Monterrey"},"content":{"rendered":"\n<p>Alejandro Moreno, presidente nacional del PRI afirm\u00f3 en Monterrey que no caer\u00e1n en privaciones de guerra sucia y acus\u00f3 que el gobernador del estado, Samuel Garc\u00eda est\u00e1 desesperado porque Adri\u00e1n de la Garza aventaja en las encuestas para la Alcald\u00eda de Monterrey.<\/p>\n\n\n\n<p>&#8220;(Est\u00e1) metido de cabeza en una campa\u00f1a pol\u00edtica porque est\u00e1 desesperado y porque todas las encuestas evidencian lo que es: Adrian de la Garza esta entre 7 y 10 puntos arriba de la Candidata de Movimiento Ciudadano&#8221;, abund\u00f3.<\/p>\n\n\n\n<p>Moreno respald\u00f3 en Monterrey a Adri\u00e1n de la Garza y acus\u00f3 que MC busca ensuciar al candidato priista con guerra sucia.<\/p>\n\n\n\n<p>&#8220;El Gobierno de Nuevo Le\u00f3n es un desastre, todo el basurero de la pol\u00edtica estatal se encuentra en Movimiento Ciudadano.<\/p>\n\n\n\n<p>&#8220;Todo el basurero, todo el esti\u00e9rcol de los partidos pol\u00edticos se va a Movimiento Ciudadano y a Morena, eso es lo que representan&#8221;.<\/p>\n\n\n\n<p>El l\u00edder priista dijo que tienen un gran candidato en Adri\u00e1n de la Garza y alab\u00f3 propuestas s\u00f3lidas como la Tarjeta Regia, en materia de seguridad, movilidad y programas sociales.<\/p>\n\n\n\n<p>&#8220;Ante los dichos, los hechos. Le reiteramos nuestro absoluto respaldo&#8221; apunt\u00f3.<\/p>\n","protected":false},"excerpt":{"rendered":"<p>Alejandro Moreno, presidente nacional del PRI afirm\u00f3 en Monterrey que no caer\u00e1n en privaciones de guerra sucia y acus\u00f3 que el gobernador del estado, Samuel Garc\u00eda est\u00e1 desesperado porque Adri\u00e1n de la Garza aventaja en las encuestas para la Alcald\u00eda de Monterrey. &#8220;(Est\u00e1) metido de cabeza en una campa\u00f1a pol\u00edtica porque est\u00e1 desesperado y porque [&hellip;]<\/p>\n","protected":false},"author":1,"featured_media":116885,"comment_status":"open","ping_status":"open","sticky":true,"template":"","format":"standard","meta":{"footnotes":""},"categories":[6,3],"tags":[],"_links":{"self":[{"href":"https:\/\/diariodigitalmx.com\/index.php\/wp-json\/wp\/v2\/posts\/116883"}],"collection":[{"href":"https:\/\/diariodigitalmx.com\/index.php\/wp-json\/wp\/v2\/posts"}],"about":[{"href":"https:\/\/diariodigitalmx.com\/index.php\/wp-json\/wp\/v2\/types\/post"}],"author":[{"embeddable":true,"href":"https:\/\/diariodigitalmx.com\/index.php\/wp-json\/wp\/v2\/users\/1"}],"replies":[{"embeddable":true,"href":"https:\/\/diariodigitalmx.com\/index.php\/wp-json\/wp\/v2\/comments?post=116883"}],"version-history":[{"count":1,"href":"https:\/\/diariodigitalmx.com\/index.php\/wp-json\/wp\/v2\/posts\/116883\/revisions"}],"predecessor-version":[{"id":116884,"href":"https:\/\/diariodigitalmx.com\/index.php\/wp-json\/wp\/v2\/posts\/116883\/revisions\/116884"}],"wp:featuredmedia":[{"embeddable":true,"href":"https:\/\/diariodigitalmx.com\/index.php\/wp-json\/wp\/v2\/media\/116885"}],"wp:attachment":[{"href":"https:\/\/diariodigitalmx.com\/index.php\/wp-json\/wp\/v2\/media?parent=116883"}],"wp:term":[{"taxonomy":"category","embeddable":true,"href":"https:\/\/diariodigitalmx.com\/index.php\/wp-json\/wp\/v2\/categories?post=116883"},{"taxonomy":"post_tag","embeddable":true,"href":"https:\/\/diariodigitalmx.com\/index.php\/wp-json\/wp\/v2\/tags?post=116883"}],"curies":[{"name":"wp","href":"https:\/\/api.w.org\/{rel}","templated":true}]}}