{"id":1171,"date":"2019-03-15T13:43:17","date_gmt":"2019-03-15T19:43:17","guid":{"rendered":"http:\/\/diariodigitalmx.com\/?p=1171"},"modified":"2019-03-15T13:43:18","modified_gmt":"2019-03-15T19:43:18","slug":"gobierno-busca-en-el-extranjero-a-migrantes-desaparecidos-en-tamaulipas","status":"publish","type":"post","link":"https:\/\/diariodigitalmx.com\/index.php\/2019\/03\/15\/gobierno-busca-en-el-extranjero-a-migrantes-desaparecidos-en-tamaulipas\/","title":{"rendered":"Gobierno busca en el extranjero a migrantes desaparecidos en Tamaulipas"},"content":{"rendered":"\n<h1 class=\"wp-block-heading\" id=\"geom_inter_1552676752887_47_18\"><\/h1>\n\n\n\n<p>El 7 de marzo, al menos 19 migrantes que viajaban en un autob\u00fas de pasajeros fueron obligados a bajar de la unidad, y posteriormente llevados a un lugar desconocido<\/p>\n\n\n\n<p>El gobierno Federal y estatal buscan en el extranjero y territorio nacional a al menos 19 migrantes desaparecidos en Tamaulipas el pasado 7 de marzo.<\/p>\n\n\n\n<p>En un comunicado, el gobierno de Tamaulipas indic\u00f3 que actualmente realizan operativos de b\u00fasqueda en las inmediaciones del paraje Palos Blancos, en las<\/p>\n\n\n\n<p>El 7 de marzo, al menos 19 migrantes que viajaban en un autob\u00fas de pasajeros fueron obligados a bajar de la unidad, y posteriormente llevados a un lugar desconocido.<\/p>\n\n\n\n<p>Este 13 de marzo se puso en marcha el \u201cOperativo B\u00fasqueda en Vida Tamaulipas\u201d en el cual participan la Secretar\u00eda de la Defensa Nacional, la Polic\u00eda Federal, la Procuradur\u00eda General de Justicia de Tamaulipas, la Polic\u00eda Estatal, la Comisi\u00f3n Nacional de B\u00fasqueda de Personas y la Comisi\u00f3n Estatal de B\u00fasqueda de Personas.<\/p>\n\n\n\n<p>Mientras que el 14 de marzo inici\u00f3 el operativo Telurio a cargo de la Polic\u00eda Federal para la revisi\u00f3n de transporte federal de pasajeros con objeto de disuadir que sean usados autobuses para el tr\u00e1fico de personas, en este caso migrantes.<\/p>\n","protected":false},"excerpt":{"rendered":"<p>El 7 de marzo, al menos 19 migrantes que viajaban en un autob\u00fas de pasajeros fueron obligados a bajar de la unidad, y posteriormente llevados a un lugar desconocido El gobierno Federal y estatal buscan en el extranjero y territorio nacional a al menos 19 migrantes desaparecidos en Tamaulipas el pasado 7 de marzo. En [&hellip;]<\/p>\n","protected":false},"author":1,"featured_media":1174,"comment_status":"open","ping_status":"open","sticky":true,"template":"","format":"standard","meta":{"footnotes":""},"categories":[2,1],"tags":[],"_links":{"self":[{"href":"https:\/\/diariodigitalmx.com\/index.php\/wp-json\/wp\/v2\/posts\/1171"}],"collection":[{"href":"https:\/\/diariodigitalmx.com\/index.php\/wp-json\/wp\/v2\/posts"}],"about":[{"href":"https:\/\/diariodigitalmx.com\/index.php\/wp-json\/wp\/v2\/types\/post"}],"author":[{"embeddable":true,"href":"https:\/\/diariodigitalmx.com\/index.php\/wp-json\/wp\/v2\/users\/1"}],"replies":[{"embeddable":true,"href":"https:\/\/diariodigitalmx.com\/index.php\/wp-json\/wp\/v2\/comments?post=1171"}],"version-history":[{"count":1,"href":"https:\/\/diariodigitalmx.com\/index.php\/wp-json\/wp\/v2\/posts\/1171\/revisions"}],"predecessor-version":[{"id":1175,"href":"https:\/\/diariodigitalmx.com\/index.php\/wp-json\/wp\/v2\/posts\/1171\/revisions\/1175"}],"wp:featuredmedia":[{"embeddable":true,"href":"https:\/\/diariodigitalmx.com\/index.php\/wp-json\/wp\/v2\/media\/1174"}],"wp:attachment":[{"href":"https:\/\/diariodigitalmx.com\/index.php\/wp-json\/wp\/v2\/media?parent=1171"}],"wp:term":[{"taxonomy":"category","embeddable":true,"href":"https:\/\/diariodigitalmx.com\/index.php\/wp-json\/wp\/v2\/categories?post=1171"},{"taxonomy":"post_tag","embeddable":true,"href":"https:\/\/diariodigitalmx.com\/index.php\/wp-json\/wp\/v2\/tags?post=1171"}],"curies":[{"name":"wp","href":"https:\/\/api.w.org\/{rel}","templated":true}]}}