{"id":117133,"date":"2024-04-15T12:25:02","date_gmt":"2024-04-15T17:25:02","guid":{"rendered":"https:\/\/diariodigitalmx.com\/?p=117133"},"modified":"2024-04-15T12:29:33","modified_gmt":"2024-04-15T17:29:33","slug":"conmigo-no-van-a-poder-no-me-doblegare-dice-candidata-que-sufre-atentado-en-nl","status":"publish","type":"post","link":"https:\/\/diariodigitalmx.com\/index.php\/2024\/04\/15\/conmigo-no-van-a-poder-no-me-doblegare-dice-candidata-que-sufre-atentado-en-nl\/","title":{"rendered":"Conmigo no van a poder, no me doblegar\u00e9, dice candidata que sufre atentado en NL"},"content":{"rendered":"\n<figure class=\"wp-block-video\"><video controls src=\"http:\/\/diariodigitalmx.com\/wp-content\/uploads\/2024\/04\/20240415_100639.mp4\"><\/video><\/figure>\n\n\n\n<p><br>Monterrey. &#8211; Graciela Villarreal calific\u00f3 de cobarde el atentado que sufri\u00f3 el viernes pasado cuando dos hombre realizaron disparos en un recorrido que ten\u00eda como candidata a la Alcald\u00eda del municipio de El Carmen y advirti\u00f3 que no la doblegar\u00e1n.<br>La abanderada de la coalici\u00f3n Morena, PT y Verde, dijo que seguir\u00e1 su campa\u00f1a, que no se amedrenta, e inform\u00f3 que tiene seguridad por parte de Seguridad P\u00fablica Eatatal y la Guardia Nacional.<br>Villarreal habl\u00f3 a la prensa en la Explanada del Congreso del Estado donde subray\u00f3 que sigue su campa\u00f1a y que ser\u00e1 la primera mujer en gobernar El Carmen, municipio ubicado a unos 40 kil\u00f3metros al norte de Monterrey.<br>Dijo que no conoce a los presuntos agresores que est\u00e1n detenidos, pero espera que las autoridad hagan su trabajo.<\/p>\n\n\n\n<figure class=\"wp-block-image size-full\"><img loading=\"lazy\" decoding=\"async\" width=\"720\" height=\"446\" src=\"https:\/\/diariodigitalmx.com\/wp-content\/uploads\/2024\/04\/Screenshot_20240415-112659_Gallery.jpg\" alt=\"\" class=\"wp-image-117141\" srcset=\"https:\/\/diariodigitalmx.com\/wp-content\/uploads\/2024\/04\/Screenshot_20240415-112659_Gallery.jpg 720w, https:\/\/diariodigitalmx.com\/wp-content\/uploads\/2024\/04\/Screenshot_20240415-112659_Gallery-300x186.jpg 300w\" sizes=\"(max-width: 720px) 100vw, 720px\" \/><\/figure>\n\n\n\n<p>Record\u00f3 que nunca ha recibido amenazas, que no tiene problemas con absolutamente nadie. &#8220;Me siento tranquila y no se de donde vendr\u00eda el ataque. No tengo diferencias con nadie por eso doy la cara, no habr\u00eda cambio seguir\u00e9 la campa\u00f1a&#8221;, a\u00f1adi\u00f3.<br>La candidata inform\u00f3 que el fot\u00f3grafo Jos\u00e9 Luis Z\u00fa\u00f1iga que result\u00f3 herido de bala ya fue dado de alta y reconoci\u00f3 que gracias a \u00e9l salv\u00f3 su vida, pues la avent\u00f3 cuando observ\u00f3 a los hombres armados.<br>Lament\u00f3 que algunos grupos pol\u00edticos hayan criticado en redes sociales que el atentado fue con balas de salva y un show.<br>&#8220;No me doblegar\u00e9, luchar\u00e9 incansablemente por este proyecto. Conmigo no van a poder, yo sigo fuerte y decidida&#8221;, abund\u00f3 y envi\u00f3 un mensaje al gobernador Samuel Garc\u00eda y a las autoridades electorales para que las elecciones sean limpias y sin favoritismo.<br>SAMUEL ESTABA FUERA DE HORARIO DE TRABAJO<br>Por su parte el dirigente estatal del Partido Verde, Edgar Salvatierra, dijo desconocer el porqu\u00e9 el gobernador Samuel Garc\u00eda no ha hecho un pronunciamiento tras el atentado contra Graciela Villarrral.<br>&#8220;Desconozco el porqu\u00e9, tal vez porque el atentado fue es las 5:40 horas y el gobernador ya hab\u00eda salido de trabajar, pues laboral de 9 a 5&#8221;, indic\u00f3 al referir la declaraci\u00f3n de Samuel Garc\u00eda quien hace d\u00edas dijo que trabajar\u00eda en ese horario para despu\u00e9s dedicarse a la campa\u00f1a D su esposa que es candidata de MC a la Alcald\u00eda de Monterrey.<br>Tras el atentado a Villarreal el viernes pasado, las autoridades informaron de la detenci\u00f3n de dos personas.<\/p>\n","protected":false},"excerpt":{"rendered":"<p>Monterrey. &#8211; Graciela Villarreal calific\u00f3 de cobarde el atentado que sufri\u00f3 el viernes pasado cuando dos hombre realizaron disparos en un recorrido que ten\u00eda como candidata a la Alcald\u00eda del municipio de El Carmen y advirti\u00f3 que no la doblegar\u00e1n.La abanderada de la coalici\u00f3n Morena, PT y Verde, dijo que seguir\u00e1 su campa\u00f1a, que no [&hellip;]<\/p>\n","protected":false},"author":1,"featured_media":117136,"comment_status":"open","ping_status":"open","sticky":true,"template":"","format":"standard","meta":{"footnotes":""},"categories":[6,3],"tags":[],"_links":{"self":[{"href":"https:\/\/diariodigitalmx.com\/index.php\/wp-json\/wp\/v2\/posts\/117133"}],"collection":[{"href":"https:\/\/diariodigitalmx.com\/index.php\/wp-json\/wp\/v2\/posts"}],"about":[{"href":"https:\/\/diariodigitalmx.com\/index.php\/wp-json\/wp\/v2\/types\/post"}],"author":[{"embeddable":true,"href":"https:\/\/diariodigitalmx.com\/index.php\/wp-json\/wp\/v2\/users\/1"}],"replies":[{"embeddable":true,"href":"https:\/\/diariodigitalmx.com\/index.php\/wp-json\/wp\/v2\/comments?post=117133"}],"version-history":[{"count":3,"href":"https:\/\/diariodigitalmx.com\/index.php\/wp-json\/wp\/v2\/posts\/117133\/revisions"}],"predecessor-version":[{"id":117142,"href":"https:\/\/diariodigitalmx.com\/index.php\/wp-json\/wp\/v2\/posts\/117133\/revisions\/117142"}],"wp:featuredmedia":[{"embeddable":true,"href":"https:\/\/diariodigitalmx.com\/index.php\/wp-json\/wp\/v2\/media\/117136"}],"wp:attachment":[{"href":"https:\/\/diariodigitalmx.com\/index.php\/wp-json\/wp\/v2\/media?parent=117133"}],"wp:term":[{"taxonomy":"category","embeddable":true,"href":"https:\/\/diariodigitalmx.com\/index.php\/wp-json\/wp\/v2\/categories?post=117133"},{"taxonomy":"post_tag","embeddable":true,"href":"https:\/\/diariodigitalmx.com\/index.php\/wp-json\/wp\/v2\/tags?post=117133"}],"curies":[{"name":"wp","href":"https:\/\/api.w.org\/{rel}","templated":true}]}}