{"id":117152,"date":"2024-04-15T22:41:08","date_gmt":"2024-04-16T03:41:08","guid":{"rendered":"https:\/\/diariodigitalmx.com\/?p=117152"},"modified":"2024-04-15T22:42:52","modified_gmt":"2024-04-16T03:42:52","slug":"tiene-escobedo-tendencia-delictiva-a-la-baja","status":"publish","type":"post","link":"https:\/\/diariodigitalmx.com\/index.php\/2024\/04\/15\/tiene-escobedo-tendencia-delictiva-a-la-baja\/","title":{"rendered":"Tiene Escobedo tendencia delictiva a la baja"},"content":{"rendered":"\n<p>Por las estrategias y acciones preventivas que se han llevado a cabo durante el mes de Marzo, la Secretar\u00eda de Seguridad Ciudadana de Escobedo presenta una tendencia a la baja en lo que se refiere a delitos del fuero com\u00fan.<\/p>\n\n\n\n<p>Este dato se reafirma con la evaluaci\u00f3n mensual que presenta la Fiscal\u00eda General de Justicia del Estado por medio del sem\u00e1foro delictivo en el cual Escobedo tiene siete aspectos evaluados en verde, dos en amarillo y s\u00f3lo uno en rojo.<\/p>\n\n\n\n<figure class=\"wp-block-image size-large\"><img loading=\"lazy\" decoding=\"async\" width=\"1024\" height=\"680\" src=\"https:\/\/diariodigitalmx.com\/wp-content\/uploads\/2024\/04\/WhatsApp-Image-2024-04-15-at-3.34.44-PM-1024x680.jpeg\" alt=\"\" class=\"wp-image-117156\" srcset=\"https:\/\/diariodigitalmx.com\/wp-content\/uploads\/2024\/04\/WhatsApp-Image-2024-04-15-at-3.34.44-PM-1024x680.jpeg 1024w, https:\/\/diariodigitalmx.com\/wp-content\/uploads\/2024\/04\/WhatsApp-Image-2024-04-15-at-3.34.44-PM-300x199.jpeg 300w, https:\/\/diariodigitalmx.com\/wp-content\/uploads\/2024\/04\/WhatsApp-Image-2024-04-15-at-3.34.44-PM-768x510.jpeg 768w, https:\/\/diariodigitalmx.com\/wp-content\/uploads\/2024\/04\/WhatsApp-Image-2024-04-15-at-3.34.44-PM-1536x1020.jpeg 1536w, https:\/\/diariodigitalmx.com\/wp-content\/uploads\/2024\/04\/WhatsApp-Image-2024-04-15-at-3.34.44-PM.jpeg 1600w\" sizes=\"(max-width: 1024px) 100vw, 1024px\" \/><\/figure>\n\n\n\n<p>Robo a casa, a negocio, el robo de auto, robo de banco, cristalazo, lesiones y homicidio, se encuentran en verde, violencia familiar y violaci\u00f3n en amarillo y robo a persona en rojo.<\/p>\n\n\n\n<p>Estos \u00faltimos tres aspectos son \u00e1reas de oportunidad en los que se va a seguir trabajando por parte de la Proxpol Escobedo y as\u00ed estar a la par con los otros siete aspectos que se tienen en verde en la actualidad.<\/p>\n\n\n\n<p>Dichos n\u00fameros fueron presentados durante una mesa de trabajo que sostuvo Jos\u00e9 Antonio Quiroga Chapa, Encargado del despacho de la Presidencia Municipal con jefes de seguridad comercial e integrantes del organismo no gubernamental Pro Escobedo.<\/p>\n\n\n\n<p>Quiroga Chapa en compa\u00f1\u00eda del secretario de Seguridad Ciudadana de Escobedo, Capit\u00e1n Marco Antonio Zavala Sol\u00eds present\u00f3 la numeralia durante el \u00faltimo mes y en lo que va del trimestre.<\/p>\n\n\n\n<p>Indic\u00f3 que los n\u00fameros y logros que han conseguido son gracias a la colaboraci\u00f3n con empresarios, comerciantes, organismos no gubernamentales y la ciudadan\u00eda por lo que seguir\u00e1n trabajando de esa misma forma.<\/p>\n\n\n\n<p>\u201cEs importante el valor de la denuncia y tambi\u00e9n que en los establecimientos se lleven a cabo medidas preventivas como colocaci\u00f3n de botones de seguridad, retiro de efectivo, entre otros\u201d, recalc\u00f3.<\/p>\n","protected":false},"excerpt":{"rendered":"<p>Por las estrategias y acciones preventivas que se han llevado a cabo durante el mes de Marzo, la Secretar\u00eda de Seguridad Ciudadana de Escobedo presenta una tendencia a la baja en lo que se refiere a delitos del fuero com\u00fan. Este dato se reafirma con la evaluaci\u00f3n mensual que presenta la Fiscal\u00eda General de Justicia [&hellip;]<\/p>\n","protected":false},"author":1,"featured_media":117154,"comment_status":"open","ping_status":"open","sticky":true,"template":"","format":"standard","meta":{"footnotes":""},"categories":[14,6],"tags":[],"_links":{"self":[{"href":"https:\/\/diariodigitalmx.com\/index.php\/wp-json\/wp\/v2\/posts\/117152"}],"collection":[{"href":"https:\/\/diariodigitalmx.com\/index.php\/wp-json\/wp\/v2\/posts"}],"about":[{"href":"https:\/\/diariodigitalmx.com\/index.php\/wp-json\/wp\/v2\/types\/post"}],"author":[{"embeddable":true,"href":"https:\/\/diariodigitalmx.com\/index.php\/wp-json\/wp\/v2\/users\/1"}],"replies":[{"embeddable":true,"href":"https:\/\/diariodigitalmx.com\/index.php\/wp-json\/wp\/v2\/comments?post=117152"}],"version-history":[{"count":2,"href":"https:\/\/diariodigitalmx.com\/index.php\/wp-json\/wp\/v2\/posts\/117152\/revisions"}],"predecessor-version":[{"id":117157,"href":"https:\/\/diariodigitalmx.com\/index.php\/wp-json\/wp\/v2\/posts\/117152\/revisions\/117157"}],"wp:featuredmedia":[{"embeddable":true,"href":"https:\/\/diariodigitalmx.com\/index.php\/wp-json\/wp\/v2\/media\/117154"}],"wp:attachment":[{"href":"https:\/\/diariodigitalmx.com\/index.php\/wp-json\/wp\/v2\/media?parent=117152"}],"wp:term":[{"taxonomy":"category","embeddable":true,"href":"https:\/\/diariodigitalmx.com\/index.php\/wp-json\/wp\/v2\/categories?post=117152"},{"taxonomy":"post_tag","embeddable":true,"href":"https:\/\/diariodigitalmx.com\/index.php\/wp-json\/wp\/v2\/tags?post=117152"}],"curies":[{"name":"wp","href":"https:\/\/api.w.org\/{rel}","templated":true}]}}