{"id":117166,"date":"2024-04-15T23:00:25","date_gmt":"2024-04-16T04:00:25","guid":{"rendered":"https:\/\/diariodigitalmx.com\/?p=117166"},"modified":"2024-04-15T23:08:14","modified_gmt":"2024-04-16T04:08:14","slug":"rescatan-a-mama-e-hijo-que-estaban-encerrados","status":"publish","type":"post","link":"https:\/\/diariodigitalmx.com\/index.php\/2024\/04\/15\/rescatan-a-mama-e-hijo-que-estaban-encerrados\/","title":{"rendered":"Rescatan a mam\u00e1 e hijo que estaban encerrados"},"content":{"rendered":"\n<figure class=\"wp-block-video\"><video controls src=\"http:\/\/diariodigitalmx.com\/wp-content\/uploads\/2024\/04\/VID-20240415-WA0224.mp4\"><\/video><\/figure>\n\n\n\n<p><br>*Hay un detenido<\/p>\n\n\n\n<p>La Polic\u00eda de Monterrey en conjunto con Protecci\u00f3n Civil Municipal, rescataron a una madre de familia y su hijo que estaban encerradas en su domicilio.<\/p>\n\n\n\n<p>Los hechos se registraron en 4a. Zona y Pedro Mart\u00ednez en la Colonia Caracol.<\/p>\n\n\n\n<p>Tras de que los elementos de Protecci\u00f3n Civil rompieron el candado de la puerta, se rescat\u00f3 a un beb\u00e9 de cuatro meses y a la mam\u00e1, de 20 a\u00f1os de edad.<\/p>\n\n\n\n<p>La Polic\u00eda de Monterrey detuvo a la pareja de la se\u00f1ora, identificado como Manuel H., de 23 a\u00f1os.<\/p>\n\n\n\n<figure class=\"wp-block-image size-full\"><img loading=\"lazy\" decoding=\"async\" width=\"363\" height=\"333\" src=\"https:\/\/diariodigitalmx.com\/wp-content\/uploads\/2024\/04\/IMG-20240415-WA0220.jpg\" alt=\"\" class=\"wp-image-117173\" srcset=\"https:\/\/diariodigitalmx.com\/wp-content\/uploads\/2024\/04\/IMG-20240415-WA0220.jpg 363w, https:\/\/diariodigitalmx.com\/wp-content\/uploads\/2024\/04\/IMG-20240415-WA0220-300x275.jpg 300w\" sizes=\"(max-width: 363px) 100vw, 363px\" \/><\/figure>\n\n\n\n<p>Se inform\u00f3 que la madre de familia se quej\u00f3 de sufrir de violencia familiar, por lo que fue detenido el joven.<\/p>\n\n\n\n<p>El presunto fue trasladado a las instalaciones de la Polic\u00eda de Monterrey, donde qued\u00f3 a disposici\u00f3n del Ministerio P\u00fablico, por los delitos que le resulten.<\/p>\n\n\n\n<p>La joven madre de familia y el beb\u00e9 ser\u00e1n atendidos por personal de la Unidad de Atenci\u00f3n de Violencia Familiar y de G\u00e9nero, de esta corporaci\u00f3n.<\/p>\n","protected":false},"excerpt":{"rendered":"<p>*Hay un detenido La Polic\u00eda de Monterrey en conjunto con Protecci\u00f3n Civil Municipal, rescataron a una madre de familia y su hijo que estaban encerradas en su domicilio. Los hechos se registraron en 4a. Zona y Pedro Mart\u00ednez en la Colonia Caracol. Tras de que los elementos de Protecci\u00f3n Civil rompieron el candado de la [&hellip;]<\/p>\n","protected":false},"author":1,"featured_media":117168,"comment_status":"open","ping_status":"open","sticky":true,"template":"","format":"standard","meta":{"footnotes":""},"categories":[14,7],"tags":[],"_links":{"self":[{"href":"https:\/\/diariodigitalmx.com\/index.php\/wp-json\/wp\/v2\/posts\/117166"}],"collection":[{"href":"https:\/\/diariodigitalmx.com\/index.php\/wp-json\/wp\/v2\/posts"}],"about":[{"href":"https:\/\/diariodigitalmx.com\/index.php\/wp-json\/wp\/v2\/types\/post"}],"author":[{"embeddable":true,"href":"https:\/\/diariodigitalmx.com\/index.php\/wp-json\/wp\/v2\/users\/1"}],"replies":[{"embeddable":true,"href":"https:\/\/diariodigitalmx.com\/index.php\/wp-json\/wp\/v2\/comments?post=117166"}],"version-history":[{"count":4,"href":"https:\/\/diariodigitalmx.com\/index.php\/wp-json\/wp\/v2\/posts\/117166\/revisions"}],"predecessor-version":[{"id":117175,"href":"https:\/\/diariodigitalmx.com\/index.php\/wp-json\/wp\/v2\/posts\/117166\/revisions\/117175"}],"wp:featuredmedia":[{"embeddable":true,"href":"https:\/\/diariodigitalmx.com\/index.php\/wp-json\/wp\/v2\/media\/117168"}],"wp:attachment":[{"href":"https:\/\/diariodigitalmx.com\/index.php\/wp-json\/wp\/v2\/media?parent=117166"}],"wp:term":[{"taxonomy":"category","embeddable":true,"href":"https:\/\/diariodigitalmx.com\/index.php\/wp-json\/wp\/v2\/categories?post=117166"},{"taxonomy":"post_tag","embeddable":true,"href":"https:\/\/diariodigitalmx.com\/index.php\/wp-json\/wp\/v2\/tags?post=117166"}],"curies":[{"name":"wp","href":"https:\/\/api.w.org\/{rel}","templated":true}]}}