{"id":117440,"date":"2024-04-20T09:17:46","date_gmt":"2024-04-20T14:17:46","guid":{"rendered":"https:\/\/diariodigitalmx.com\/?p=117440"},"modified":"2024-04-20T09:22:24","modified_gmt":"2024-04-20T14:22:24","slug":"contagian-algarabia-ninas-y-ninos-cendi-con-rondas-infantiles","status":"publish","type":"post","link":"https:\/\/diariodigitalmx.com\/index.php\/2024\/04\/20\/contagian-algarabia-ninas-y-ninos-cendi-con-rondas-infantiles\/","title":{"rendered":"Contagian algarab\u00eda ni\u00f1as y ni\u00f1os CENDI con rondas infantiles"},"content":{"rendered":"\n<figure class=\"wp-block-video\"><video controls src=\"http:\/\/diariodigitalmx.com\/wp-content\/uploads\/2024\/04\/VID-20240419-WA0249.mp4\"><\/video><\/figure>\n\n\n\n<p>La algarab\u00eda de ni\u00f1as y ni\u00f1os contagi\u00f3 a sus familias en la Muestra de Rondas Infantiles de los Centros de Desarrollo Infantil (CENDI) del Frente Popular \u201cTierra y Libertad\u201d.<\/p>\n\n\n\n<p>En la duela del Polideportivo de la UANL, alumnas y alumnos de preescolar se desplazaron al ritmo musical de las rondas, tomados de la mano y girando en c\u00edrculos.<\/p>\n\n\n\n<figure class=\"wp-block-image size-full\"><img loading=\"lazy\" decoding=\"async\" width=\"840\" height=\"527\" src=\"https:\/\/diariodigitalmx.com\/wp-content\/uploads\/2024\/04\/IMG-20240419-WA0251.jpg\" alt=\"\" class=\"wp-image-117446\" srcset=\"https:\/\/diariodigitalmx.com\/wp-content\/uploads\/2024\/04\/IMG-20240419-WA0251.jpg 840w, https:\/\/diariodigitalmx.com\/wp-content\/uploads\/2024\/04\/IMG-20240419-WA0251-300x188.jpg 300w, https:\/\/diariodigitalmx.com\/wp-content\/uploads\/2024\/04\/IMG-20240419-WA0251-768x482.jpg 768w\" sizes=\"(max-width: 840px) 100vw, 840px\" \/><\/figure>\n\n\n\n<p>La directora general de los CENDI, la doctora Mar\u00eda Guadalupe Rodr\u00edguez Mart\u00ednez felicit\u00f3 a las y a los participantes de los 13 CENDI, por mostrar sus habilidades y sus cualidades jugando.<\/p>\n\n\n\n<p>El CENDI 10 \u201cFrederick Froebel\u201d inici\u00f3 la Muestra con las rondas \u2018Me das marinero\u2019, \u2018El patio de mi casa\u2019 y \u2018Los maderos de San Juan\u2019. Continu\u00f3 el CENDI 9 \u201cAnton Makarenko\u201d al ritmo de \u2018La farolera\u2019, \u2018Mambr\u00fa y Cuc\u00fa\u2019 y \u2018Cantaba la rana\u2019. El CENDI 6 \u201cFraser Mustard\u201d sigui\u00f3 con \u2018El Milano\u2019, \u2018Al \u00e1nimo\u2019 y \u2018La viudita\u2019.<\/p>\n\n\n\n<figure class=\"wp-block-image size-large\"><img loading=\"lazy\" decoding=\"async\" width=\"1024\" height=\"638\" src=\"https:\/\/diariodigitalmx.com\/wp-content\/uploads\/2024\/04\/IMG-20240419-WA0252-1024x638.jpg\" alt=\"\" class=\"wp-image-117449\" srcset=\"https:\/\/diariodigitalmx.com\/wp-content\/uploads\/2024\/04\/IMG-20240419-WA0252-1024x638.jpg 1024w, https:\/\/diariodigitalmx.com\/wp-content\/uploads\/2024\/04\/IMG-20240419-WA0252-300x187.jpg 300w, https:\/\/diariodigitalmx.com\/wp-content\/uploads\/2024\/04\/IMG-20240419-WA0252-768x479.jpg 768w, https:\/\/diariodigitalmx.com\/wp-content\/uploads\/2024\/04\/IMG-20240419-WA0252.jpg 1280w\" sizes=\"(max-width: 1024px) 100vw, 1024px\" \/><\/figure>\n\n\n\n<p>El CENDI 13 \u201cLev S. Vigotsky\u2019 deleit\u00f3 con \u2018Naranja dulce\u2019, \u2018Juguemos al bosque\u2019 y \u2018A Madru se\u00f1ores\u2019. El CENDI 12 \u201cJean Peaget\u201d entretuvo con \u2018Acitr\u00f3n\u2019, \u2018Que llueva, que llueva\u2019 y \u2018El relojito\u2019. El CENDI 1 \u201cFelipe \u00c1ngeles\u201d encant\u00f3 con \u2018Do\u00f1a Blanca\u2019, \u2018Hilitos, hilitos de oro\u2019 y \u2018El sapito andaba\u2019. El CENDI 8 \u201cTierra y Libertad\u201d se gan\u00f3 porras y aplausos con \u2018El barco chiquito\u2019, \u2018El juego del calentamiento\u2019 y \u2018Los diez perritos\u2019.<\/p>\n\n\n\n<p>El CENDI 2 \u201cFloripes Pinelo\u201d present\u00f3 \u2018Soy cojo de un pie\u2019, \u2018En el agua clara\u2019 y \u2018Se me ha perdido una ni\u00f1a\u2019. En tanto, el CENDI 4 \u201cGenaro V\u00e1zquez\u201d luci\u00f3 con \u2018El patio de mi casa\u2019, \u2018Brinca la tablita\u2019 y \u2018Aserr\u00edn-aceran\u2019, mientras que el CENDI 3 \u201cJos\u00e9 Mart\u00ed\u201d divirti\u00f3 con \u2018La comadre Chema\u2019, \u2018Vamos a jugar\u2019 y \u2018San Seraf\u00edn\u2019.<\/p>\n\n\n\n<figure class=\"wp-block-image size-large\"><img loading=\"lazy\" decoding=\"async\" width=\"1024\" height=\"581\" src=\"https:\/\/diariodigitalmx.com\/wp-content\/uploads\/2024\/04\/IMG-20240419-WA0248-1024x581.jpg\" alt=\"\" class=\"wp-image-117451\" srcset=\"https:\/\/diariodigitalmx.com\/wp-content\/uploads\/2024\/04\/IMG-20240419-WA0248-1024x581.jpg 1024w, https:\/\/diariodigitalmx.com\/wp-content\/uploads\/2024\/04\/IMG-20240419-WA0248-300x170.jpg 300w, https:\/\/diariodigitalmx.com\/wp-content\/uploads\/2024\/04\/IMG-20240419-WA0248-768x436.jpg 768w, https:\/\/diariodigitalmx.com\/wp-content\/uploads\/2024\/04\/IMG-20240419-WA0248.jpg 1280w\" sizes=\"(max-width: 1024px) 100vw, 1024px\" \/><\/figure>\n\n\n\n<p>El CENDI 5 \u201cLaura Diana Riojas de Colosio\u201d captur\u00f3 las miradas con \u2018La v\u00edbora de la mar\u2019, \u2018La rueda de San Miguel\u2019 y \u2018Matarile\u2019. El CENDI 11 \u201cPaulo Freire\u201d hizo disfrutar con \u2018Juan Pirulero\u2019, \u2018La p\u00e1jara pinta\u2019 y tambi\u00e9n \u2018La v\u00edbora de la mar\u2019. El cierre estuvo a cargo del CENDI 7 \u201cHermanas Agazzi\u201d con \u2018Avena-avena\u2019, \u2018Los padres de San Francisco\u2019 y \u2018Merecumb\u00e9\u2019.<\/p>\n\n\n\n<p>Rodr\u00edguez Mart\u00ednez resalt\u00f3 que las rondas son una herramienta de las y los educadores infantiles para el desarrollo temprano de la ni\u00f1ez.<\/p>\n\n\n\n<figure class=\"wp-block-gallery has-nested-images columns-default is-cropped wp-block-gallery-1 is-layout-flex wp-block-gallery-is-layout-flex\">\n<figure class=\"wp-block-image size-large\"><img loading=\"lazy\" decoding=\"async\" width=\"1024\" height=\"768\" data-id=\"117454\" src=\"https:\/\/diariodigitalmx.com\/wp-content\/uploads\/2024\/04\/IMG-20240419-WA0253-1024x768.jpg\" alt=\"\" class=\"wp-image-117454\" srcset=\"https:\/\/diariodigitalmx.com\/wp-content\/uploads\/2024\/04\/IMG-20240419-WA0253-1024x768.jpg 1024w, https:\/\/diariodigitalmx.com\/wp-content\/uploads\/2024\/04\/IMG-20240419-WA0253-300x225.jpg 300w, https:\/\/diariodigitalmx.com\/wp-content\/uploads\/2024\/04\/IMG-20240419-WA0253-768x576.jpg 768w, https:\/\/diariodigitalmx.com\/wp-content\/uploads\/2024\/04\/IMG-20240419-WA0253.jpg 1280w\" sizes=\"(max-width: 1024px) 100vw, 1024px\" \/><\/figure>\n\n\n\n<figure class=\"wp-block-image size-large\"><img loading=\"lazy\" decoding=\"async\" width=\"960\" height=\"540\" data-id=\"117453\" src=\"https:\/\/diariodigitalmx.com\/wp-content\/uploads\/2024\/04\/IMG-20240419-WA0247.jpg\" alt=\"\" class=\"wp-image-117453\" srcset=\"https:\/\/diariodigitalmx.com\/wp-content\/uploads\/2024\/04\/IMG-20240419-WA0247.jpg 960w, https:\/\/diariodigitalmx.com\/wp-content\/uploads\/2024\/04\/IMG-20240419-WA0247-300x169.jpg 300w, https:\/\/diariodigitalmx.com\/wp-content\/uploads\/2024\/04\/IMG-20240419-WA0247-768x432.jpg 768w\" sizes=\"(max-width: 960px) 100vw, 960px\" \/><\/figure>\n<\/figure>\n\n\n\n<p>\u201cContribuye a desarrollar el concepto de cuerpo, promueve creatividad, socializaci\u00f3n, emociones y fortalece destrezas, habilidades y aptitudes\u201d, se\u00f1al\u00f3.<\/p>\n\n\n\n<p>A nombre de la Secretar\u00eda de Educaci\u00f3n del Estado, la supervisora Mar\u00eda de Jes\u00fas L\u00f3pez Cano reconoci\u00f3 a los CENDI por unir el juego, la diversi\u00f3n, la magia y la imaginaci\u00f3n en las tradicionales rondas.<\/p>\n\n\n\n<p>\u201cSigan potenciando las capacidades infantiles con las rondas, una herramienta principal en la vida de ni\u00f1as y ni\u00f1os\u201d, concluy\u00f3.<\/p>\n","protected":false},"excerpt":{"rendered":"<p>La algarab\u00eda de ni\u00f1as y ni\u00f1os contagi\u00f3 a sus familias en la Muestra de Rondas Infantiles de los Centros de Desarrollo Infantil (CENDI) del Frente Popular \u201cTierra y Libertad\u201d. En la duela del Polideportivo de la UANL, alumnas y alumnos de preescolar se desplazaron al ritmo musical de las rondas, tomados de la mano y [&hellip;]<\/p>\n","protected":false},"author":1,"featured_media":117442,"comment_status":"open","ping_status":"open","sticky":true,"template":"","format":"standard","meta":{"footnotes":""},"categories":[14,6],"tags":[],"_links":{"self":[{"href":"https:\/\/diariodigitalmx.com\/index.php\/wp-json\/wp\/v2\/posts\/117440"}],"collection":[{"href":"https:\/\/diariodigitalmx.com\/index.php\/wp-json\/wp\/v2\/posts"}],"about":[{"href":"https:\/\/diariodigitalmx.com\/index.php\/wp-json\/wp\/v2\/types\/post"}],"author":[{"embeddable":true,"href":"https:\/\/diariodigitalmx.com\/index.php\/wp-json\/wp\/v2\/users\/1"}],"replies":[{"embeddable":true,"href":"https:\/\/diariodigitalmx.com\/index.php\/wp-json\/wp\/v2\/comments?post=117440"}],"version-history":[{"count":6,"href":"https:\/\/diariodigitalmx.com\/index.php\/wp-json\/wp\/v2\/posts\/117440\/revisions"}],"predecessor-version":[{"id":117455,"href":"https:\/\/diariodigitalmx.com\/index.php\/wp-json\/wp\/v2\/posts\/117440\/revisions\/117455"}],"wp:featuredmedia":[{"embeddable":true,"href":"https:\/\/diariodigitalmx.com\/index.php\/wp-json\/wp\/v2\/media\/117442"}],"wp:attachment":[{"href":"https:\/\/diariodigitalmx.com\/index.php\/wp-json\/wp\/v2\/media?parent=117440"}],"wp:term":[{"taxonomy":"category","embeddable":true,"href":"https:\/\/diariodigitalmx.com\/index.php\/wp-json\/wp\/v2\/categories?post=117440"},{"taxonomy":"post_tag","embeddable":true,"href":"https:\/\/diariodigitalmx.com\/index.php\/wp-json\/wp\/v2\/tags?post=117440"}],"curies":[{"name":"wp","href":"https:\/\/api.w.org\/{rel}","templated":true}]}}