{"id":117484,"date":"2024-04-20T20:49:55","date_gmt":"2024-04-21T01:49:55","guid":{"rendered":"https:\/\/diariodigitalmx.com\/?p=117484"},"modified":"2024-04-20T20:51:44","modified_gmt":"2024-04-21T01:51:44","slug":"va-mijes-por-nueva-clinica-de-proteccion-animal-en-escobedo-nl","status":"publish","type":"post","link":"https:\/\/diariodigitalmx.com\/index.php\/2024\/04\/20\/va-mijes-por-nueva-clinica-de-proteccion-animal-en-escobedo-nl\/","title":{"rendered":"Va Mijes por nueva cl\u00ednica de protecci\u00f3n animal en Escobedo, NL"},"content":{"rendered":"\n<p>El Candidato de la Coalici\u00f3n &#8220;Sigamos Haciendo Historia&#8221;, Andr\u00e9s Mijes, anunci\u00f3 que al ganar las elecciones instalar\u00e1 una Cl\u00ednica de Protecci\u00f3n y Bienestar Animal, en la Colonia La Alianza.<br>Mijes, junto a Clara Luz Flores, Candidata a Diputada por el Distrito 3 Federal, present\u00f3 el proyecto ante m\u00e1s de 200 animalistas convocados por Morena.<\/p>\n\n\n\n<figure class=\"wp-block-image size-full\"><img loading=\"lazy\" decoding=\"async\" width=\"480\" height=\"360\" src=\"https:\/\/diariodigitalmx.com\/wp-content\/uploads\/2024\/04\/FOTO-2-4.jpg\" alt=\"\" class=\"wp-image-117488\" srcset=\"https:\/\/diariodigitalmx.com\/wp-content\/uploads\/2024\/04\/FOTO-2-4.jpg 480w, https:\/\/diariodigitalmx.com\/wp-content\/uploads\/2024\/04\/FOTO-2-4-300x225.jpg 300w\" sizes=\"(max-width: 480px) 100vw, 480px\" \/><\/figure>\n\n\n\n<p>Ante ellos, Mijes detall\u00f3 que la Cl\u00ednica brindar\u00e1 servicios veterinarios a bajo costo y se promover\u00e1 la cultura de prevenci\u00f3n de la violencia contra animales.<br>\u201cQueremos duplicar estos esfuerzos, hemos detectado que donde no hay un buen trato hac\u00eda los animales es en el sector de La Alianza, y ah\u00ed en esta zona vamos a construir un nuevo Centro de Bienestar Animal para duplicar todos estos esfuerzos de atenci\u00f3n y prevenci\u00f3n para todas las mascotas\u201d, expres\u00f3.<\/p>\n\n\n\n<figure class=\"wp-block-image size-large\"><img loading=\"lazy\" decoding=\"async\" width=\"1024\" height=\"1024\" src=\"https:\/\/diariodigitalmx.com\/wp-content\/uploads\/2024\/04\/FOTO-4-2-1024x1024.jpg\" alt=\"\" class=\"wp-image-117491\" srcset=\"https:\/\/diariodigitalmx.com\/wp-content\/uploads\/2024\/04\/FOTO-4-2-1024x1024.jpg 1024w, https:\/\/diariodigitalmx.com\/wp-content\/uploads\/2024\/04\/FOTO-4-2-300x300.jpg 300w, https:\/\/diariodigitalmx.com\/wp-content\/uploads\/2024\/04\/FOTO-4-2-150x150.jpg 150w, https:\/\/diariodigitalmx.com\/wp-content\/uploads\/2024\/04\/FOTO-4-2-768x768.jpg 768w, https:\/\/diariodigitalmx.com\/wp-content\/uploads\/2024\/04\/FOTO-4-2.jpg 1280w\" sizes=\"(max-width: 1024px) 100vw, 1024px\" \/><\/figure>\n\n\n\n<p>La Cl\u00ednica de Protecci\u00f3n y Bienestar Animal estar\u00e1 ubicado en Antiguo Camino a San Miguel, en el citado sector.<br>Este nuevo espacio estar\u00e1 equipado con consultorios m\u00e9dicos, quir\u00f3fanos para esterilizaciones y cirug\u00edas de tejidos blandos, \u00e1rea de urgencias y un espacio de rehabilitaci\u00f3n.<br>Tambi\u00e9n contar\u00e1 con una Defensor\u00eda Jur\u00eddica de los animales, y un \u00e1rea de adopciones.<br>En la reuni\u00f3n Mijes anunci\u00f3 que trabajar\u00e1 junto a Clara Luz para evitar que se sacrifiquen mascotas.<br>\u201cQue no sea una pr\u00e1ctica com\u00fan de sacrificar a las mascotas para evitar su proliferaci\u00f3n, vamos a apostar a que se destinen m\u00e1s recursos para la esterilizaci\u00f3n, a la cultura del buen trato animal y sobre todo a la adopci\u00f3n\u201d, a\u00f1adi\u00f3 el Candidato.<br>Mijes reiter\u00f3 que en Escobedo continuar\u00e1 la pol\u00edtica p\u00fablica pro animal con la que se dignifica a las mascotas.<\/p>\n","protected":false},"excerpt":{"rendered":"<p>El Candidato de la Coalici\u00f3n &#8220;Sigamos Haciendo Historia&#8221;, Andr\u00e9s Mijes, anunci\u00f3 que al ganar las elecciones instalar\u00e1 una Cl\u00ednica de Protecci\u00f3n y Bienestar Animal, en la Colonia La Alianza.Mijes, junto a Clara Luz Flores, Candidata a Diputada por el Distrito 3 Federal, present\u00f3 el proyecto ante m\u00e1s de 200 animalistas convocados por Morena. Ante ellos, [&hellip;]<\/p>\n","protected":false},"author":1,"featured_media":117486,"comment_status":"open","ping_status":"open","sticky":true,"template":"","format":"standard","meta":{"footnotes":""},"categories":[14,6],"tags":[],"_links":{"self":[{"href":"https:\/\/diariodigitalmx.com\/index.php\/wp-json\/wp\/v2\/posts\/117484"}],"collection":[{"href":"https:\/\/diariodigitalmx.com\/index.php\/wp-json\/wp\/v2\/posts"}],"about":[{"href":"https:\/\/diariodigitalmx.com\/index.php\/wp-json\/wp\/v2\/types\/post"}],"author":[{"embeddable":true,"href":"https:\/\/diariodigitalmx.com\/index.php\/wp-json\/wp\/v2\/users\/1"}],"replies":[{"embeddable":true,"href":"https:\/\/diariodigitalmx.com\/index.php\/wp-json\/wp\/v2\/comments?post=117484"}],"version-history":[{"count":4,"href":"https:\/\/diariodigitalmx.com\/index.php\/wp-json\/wp\/v2\/posts\/117484\/revisions"}],"predecessor-version":[{"id":117492,"href":"https:\/\/diariodigitalmx.com\/index.php\/wp-json\/wp\/v2\/posts\/117484\/revisions\/117492"}],"wp:featuredmedia":[{"embeddable":true,"href":"https:\/\/diariodigitalmx.com\/index.php\/wp-json\/wp\/v2\/media\/117486"}],"wp:attachment":[{"href":"https:\/\/diariodigitalmx.com\/index.php\/wp-json\/wp\/v2\/media?parent=117484"}],"wp:term":[{"taxonomy":"category","embeddable":true,"href":"https:\/\/diariodigitalmx.com\/index.php\/wp-json\/wp\/v2\/categories?post=117484"},{"taxonomy":"post_tag","embeddable":true,"href":"https:\/\/diariodigitalmx.com\/index.php\/wp-json\/wp\/v2\/tags?post=117484"}],"curies":[{"name":"wp","href":"https:\/\/api.w.org\/{rel}","templated":true}]}}