{"id":117493,"date":"2024-04-20T20:59:00","date_gmt":"2024-04-21T01:59:00","guid":{"rendered":"https:\/\/diariodigitalmx.com\/?p=117493"},"modified":"2024-04-20T21:01:39","modified_gmt":"2024-04-21T02:01:39","slug":"claman-en-apodaca-por-camiones-contra-la-inseguridad-y-los-baches","status":"publish","type":"post","link":"https:\/\/diariodigitalmx.com\/index.php\/2024\/04\/20\/claman-en-apodaca-por-camiones-contra-la-inseguridad-y-los-baches\/","title":{"rendered":"Claman en Apodaca por camiones, contra la inseguridad y los baches"},"content":{"rendered":"\n<figure class=\"wp-block-image size-large\"><img loading=\"lazy\" decoding=\"async\" width=\"1024\" height=\"1024\" src=\"https:\/\/diariodigitalmx.com\/wp-content\/uploads\/2024\/04\/IMG_20240420_195702_698-1024x1024.webp\" alt=\"\" class=\"wp-image-117496\" srcset=\"https:\/\/diariodigitalmx.com\/wp-content\/uploads\/2024\/04\/IMG_20240420_195702_698-1024x1024.webp 1024w, https:\/\/diariodigitalmx.com\/wp-content\/uploads\/2024\/04\/IMG_20240420_195702_698-300x300.webp 300w, https:\/\/diariodigitalmx.com\/wp-content\/uploads\/2024\/04\/IMG_20240420_195702_698-150x150.webp 150w, https:\/\/diariodigitalmx.com\/wp-content\/uploads\/2024\/04\/IMG_20240420_195702_698-768x768.webp 768w, https:\/\/diariodigitalmx.com\/wp-content\/uploads\/2024\/04\/IMG_20240420_195702_698.webp 1080w\" sizes=\"(max-width: 1024px) 100vw, 1024px\" \/><\/figure>\n\n\n\n<p>La cr\u00f3nica de Pedro Garc\u00eda<br>Entre la vor\u00e1gine electoral que se avecina el 2 de junio, la joven candidata a diputada, Perla Serna est\u00e1 en condiciones de contribuir al resurgimiento del PT en Nuevo Le\u00f3n con su pujante campa\u00f1a en el Distrito 16 local donde la gente aprecia -especialmente-, que sea una vecina del sector y que padece de lo mismo: la falta de camiones, los baches, la inseguridad, luminarias apagadas y tantas penurias cotidianas.<br>\u201cEs muy bueno que sea de aqu\u00ed\u201d, le expresan mujeres y varones que, pacientemente, la escuchan.<\/p>\n\n\n\n<figure class=\"wp-block-gallery has-nested-images columns-default is-cropped wp-block-gallery-1 is-layout-flex wp-block-gallery-is-layout-flex\">\n<figure class=\"wp-block-image size-large\"><img loading=\"lazy\" decoding=\"async\" width=\"540\" height=\"540\" data-id=\"117498\" src=\"https:\/\/diariodigitalmx.com\/wp-content\/uploads\/2024\/04\/IMG_20240420_195703_020.webp\" alt=\"\" class=\"wp-image-117498\" srcset=\"https:\/\/diariodigitalmx.com\/wp-content\/uploads\/2024\/04\/IMG_20240420_195703_020.webp 540w, https:\/\/diariodigitalmx.com\/wp-content\/uploads\/2024\/04\/IMG_20240420_195703_020-300x300.webp 300w, https:\/\/diariodigitalmx.com\/wp-content\/uploads\/2024\/04\/IMG_20240420_195703_020-150x150.webp 150w\" sizes=\"(max-width: 540px) 100vw, 540px\" \/><\/figure>\n\n\n\n<figure class=\"wp-block-image size-large\"><img loading=\"lazy\" decoding=\"async\" width=\"1024\" height=\"1024\" data-id=\"117499\" src=\"https:\/\/diariodigitalmx.com\/wp-content\/uploads\/2024\/04\/IMG_20240420_195703_185-1024x1024.webp\" alt=\"\" class=\"wp-image-117499\" srcset=\"https:\/\/diariodigitalmx.com\/wp-content\/uploads\/2024\/04\/IMG_20240420_195703_185-1024x1024.webp 1024w, https:\/\/diariodigitalmx.com\/wp-content\/uploads\/2024\/04\/IMG_20240420_195703_185-300x300.webp 300w, https:\/\/diariodigitalmx.com\/wp-content\/uploads\/2024\/04\/IMG_20240420_195703_185-150x150.webp 150w, https:\/\/diariodigitalmx.com\/wp-content\/uploads\/2024\/04\/IMG_20240420_195703_185-768x768.webp 768w, https:\/\/diariodigitalmx.com\/wp-content\/uploads\/2024\/04\/IMG_20240420_195703_185.webp 1080w\" sizes=\"(max-width: 1024px) 100vw, 1024px\" \/><\/figure>\n<\/figure>\n\n\n\n<p>Y es que las familias de muchas colonias est\u00e1n casi incomunicadas por la falta de camiones y la mutilaci\u00f3n de las rutas de la 221 Concordia, Manantial y Tel\u00e9fonos que las llevaban y tra\u00edan a Monterrey.<br>Ya no hay camiones que circulen por nuestra colonia como antes, coinciden en se\u00f1alar a Perla Serna, vecinas y vecinos que claman por m\u00e1s transporte porque ya desaparecieron las rutas que las transportaban a las grandes tiendas donde surten sus despensas.<br>\u201cAhora, el gasto familiar se nos ha disparado porque tenemos que pagar uno o dos taxis para ir y retornar del s\u00faper\u201d, comentan mujeres y hombres. \u201cAnteriormente, aqu\u00ed pasaban los camiones y nos dejaban cerca de las tiendas\u201d, abundan.<\/p>\n\n\n\n<figure class=\"wp-block-image size-large\"><img loading=\"lazy\" decoding=\"async\" width=\"1024\" height=\"1024\" src=\"https:\/\/diariodigitalmx.com\/wp-content\/uploads\/2024\/04\/IMG_20240420_195703_057-1024x1024.webp\" alt=\"\" class=\"wp-image-117502\" srcset=\"https:\/\/diariodigitalmx.com\/wp-content\/uploads\/2024\/04\/IMG_20240420_195703_057-1024x1024.webp 1024w, https:\/\/diariodigitalmx.com\/wp-content\/uploads\/2024\/04\/IMG_20240420_195703_057-300x300.webp 300w, https:\/\/diariodigitalmx.com\/wp-content\/uploads\/2024\/04\/IMG_20240420_195703_057-150x150.webp 150w, https:\/\/diariodigitalmx.com\/wp-content\/uploads\/2024\/04\/IMG_20240420_195703_057-768x768.webp 768w, https:\/\/diariodigitalmx.com\/wp-content\/uploads\/2024\/04\/IMG_20240420_195703_057.webp 1080w\" sizes=\"(max-width: 1024px) 100vw, 1024px\" \/><\/figure>\n\n\n\n<p>Entre tanto, la gente est\u00e1 apreciando la candidatura de Perla Serna -por el PT-. Le est\u00e1n manifestando que el 2 de junio votar\u00e1n por ella y hasta la arropan espiritualmente: \u00a1Dios la bendiga!<br>APODACA, EST\u00c1 DEFINIDA POR LA 4T<br>Muchas personas m\u00e1s ya est\u00e1n definidas para la elecci\u00f3n presidencial en el municipio de Apodaca que es como un laboratorio de lo que podr\u00eda ocurrir el 2 de junio. Y una vecina da una muestra f\u00edsica y verbal de ello a Perla Serna: une los dedos de su mano derecha y expresa: \u00a1mire!, aqu\u00ed somos as\u00ed, los que vamos a votar por Claudia Sheinbaum.<\/p>\n\n\n\n<figure class=\"wp-block-image size-full\"><img loading=\"lazy\" decoding=\"async\" width=\"720\" height=\"720\" src=\"https:\/\/diariodigitalmx.com\/wp-content\/uploads\/2024\/04\/IMG_20240420_195702_951.webp\" alt=\"\" class=\"wp-image-117505\" srcset=\"https:\/\/diariodigitalmx.com\/wp-content\/uploads\/2024\/04\/IMG_20240420_195702_951.webp 720w, https:\/\/diariodigitalmx.com\/wp-content\/uploads\/2024\/04\/IMG_20240420_195702_951-300x300.webp 300w, https:\/\/diariodigitalmx.com\/wp-content\/uploads\/2024\/04\/IMG_20240420_195702_951-150x150.webp 150w\" sizes=\"(max-width: 720px) 100vw, 720px\" \/><\/figure>\n\n\n\n<p>Yo y toda mi familia, vamos a votar por la 4T, asegura otra vecina\u2026Toda la cuadra va a votar por Claudia, tercia otra persona.<br>Voy a votar por Claudia y tambi\u00e9n por usted, dice otra vecina a Perla Serna quien va por el PT, Partido del trabajo, para diputada local donde la gente establece: basta, de los mismos.<\/p>\n","protected":false},"excerpt":{"rendered":"<p>La cr\u00f3nica de Pedro Garc\u00edaEntre la vor\u00e1gine electoral que se avecina el 2 de junio, la joven candidata a diputada, Perla Serna est\u00e1 en condiciones de contribuir al resurgimiento del PT en Nuevo Le\u00f3n con su pujante campa\u00f1a en el Distrito 16 local donde la gente aprecia -especialmente-, que sea una vecina del sector y [&hellip;]<\/p>\n","protected":false},"author":1,"featured_media":117495,"comment_status":"open","ping_status":"open","sticky":true,"template":"","format":"standard","meta":{"footnotes":""},"categories":[6,5],"tags":[],"_links":{"self":[{"href":"https:\/\/diariodigitalmx.com\/index.php\/wp-json\/wp\/v2\/posts\/117493"}],"collection":[{"href":"https:\/\/diariodigitalmx.com\/index.php\/wp-json\/wp\/v2\/posts"}],"about":[{"href":"https:\/\/diariodigitalmx.com\/index.php\/wp-json\/wp\/v2\/types\/post"}],"author":[{"embeddable":true,"href":"https:\/\/diariodigitalmx.com\/index.php\/wp-json\/wp\/v2\/users\/1"}],"replies":[{"embeddable":true,"href":"https:\/\/diariodigitalmx.com\/index.php\/wp-json\/wp\/v2\/comments?post=117493"}],"version-history":[{"count":6,"href":"https:\/\/diariodigitalmx.com\/index.php\/wp-json\/wp\/v2\/posts\/117493\/revisions"}],"predecessor-version":[{"id":117506,"href":"https:\/\/diariodigitalmx.com\/index.php\/wp-json\/wp\/v2\/posts\/117493\/revisions\/117506"}],"wp:featuredmedia":[{"embeddable":true,"href":"https:\/\/diariodigitalmx.com\/index.php\/wp-json\/wp\/v2\/media\/117495"}],"wp:attachment":[{"href":"https:\/\/diariodigitalmx.com\/index.php\/wp-json\/wp\/v2\/media?parent=117493"}],"wp:term":[{"taxonomy":"category","embeddable":true,"href":"https:\/\/diariodigitalmx.com\/index.php\/wp-json\/wp\/v2\/categories?post=117493"},{"taxonomy":"post_tag","embeddable":true,"href":"https:\/\/diariodigitalmx.com\/index.php\/wp-json\/wp\/v2\/tags?post=117493"}],"curies":[{"name":"wp","href":"https:\/\/api.w.org\/{rel}","templated":true}]}}