{"id":117507,"date":"2024-04-20T21:18:17","date_gmt":"2024-04-21T02:18:17","guid":{"rendered":"https:\/\/diariodigitalmx.com\/?p=117507"},"modified":"2024-04-20T21:20:19","modified_gmt":"2024-04-21T02:20:19","slug":"arranca-escobedo-programa-de-acercamiento-de-policia-con-ciudadanos","status":"publish","type":"post","link":"https:\/\/diariodigitalmx.com\/index.php\/2024\/04\/20\/arranca-escobedo-programa-de-acercamiento-de-policia-con-ciudadanos\/","title":{"rendered":"Arranca Escobedo programa de acercamiento de polic\u00eda con ciudadanos"},"content":{"rendered":"\n<figure class=\"wp-block-image size-large\"><img loading=\"lazy\" decoding=\"async\" width=\"1024\" height=\"682\" src=\"https:\/\/diariodigitalmx.com\/wp-content\/uploads\/2024\/04\/WhatsApp-Image-2024-04-20-at-1.55.00-PM-4-1024x682.jpeg\" alt=\"\" class=\"wp-image-117510\" srcset=\"https:\/\/diariodigitalmx.com\/wp-content\/uploads\/2024\/04\/WhatsApp-Image-2024-04-20-at-1.55.00-PM-4-1024x682.jpeg 1024w, https:\/\/diariodigitalmx.com\/wp-content\/uploads\/2024\/04\/WhatsApp-Image-2024-04-20-at-1.55.00-PM-4-300x200.jpeg 300w, https:\/\/diariodigitalmx.com\/wp-content\/uploads\/2024\/04\/WhatsApp-Image-2024-04-20-at-1.55.00-PM-4-768x512.jpeg 768w, https:\/\/diariodigitalmx.com\/wp-content\/uploads\/2024\/04\/WhatsApp-Image-2024-04-20-at-1.55.00-PM-4-1536x1023.jpeg 1536w, https:\/\/diariodigitalmx.com\/wp-content\/uploads\/2024\/04\/WhatsApp-Image-2024-04-20-at-1.55.00-PM-4.jpeg 1600w\" sizes=\"(max-width: 1024px) 100vw, 1024px\" \/><\/figure>\n\n\n\n<p>Con una exposici\u00f3n de equipo t\u00e1ctico, drones, exhibici\u00f3n de binomios caninos en labores policiales, el Gobierno de Escobedo a trav\u00e9s de la Secretar\u00eda de Seguridad Ciudadana inici\u00f3 un programa de acercamiento con la ciudadan\u00eda.<\/p>\n\n\n\n<p>Este s\u00e1bado se present\u00f3 el proyecto \u201cGran Expo Proxpol, Juntos Por Tu Seguridad\u201d en el Parque Lineal en la Colonia Topo Grande.<\/p>\n\n\n\n<figure class=\"wp-block-image size-large\"><img loading=\"lazy\" decoding=\"async\" width=\"1024\" height=\"680\" src=\"https:\/\/diariodigitalmx.com\/wp-content\/uploads\/2024\/04\/WhatsApp-Image-2024-04-20-at-1.55.00-PM-1024x680.jpeg\" alt=\"\" class=\"wp-image-117513\" srcset=\"https:\/\/diariodigitalmx.com\/wp-content\/uploads\/2024\/04\/WhatsApp-Image-2024-04-20-at-1.55.00-PM-1024x680.jpeg 1024w, https:\/\/diariodigitalmx.com\/wp-content\/uploads\/2024\/04\/WhatsApp-Image-2024-04-20-at-1.55.00-PM-300x199.jpeg 300w, https:\/\/diariodigitalmx.com\/wp-content\/uploads\/2024\/04\/WhatsApp-Image-2024-04-20-at-1.55.00-PM-768x510.jpeg 768w, https:\/\/diariodigitalmx.com\/wp-content\/uploads\/2024\/04\/WhatsApp-Image-2024-04-20-at-1.55.00-PM-1536x1020.jpeg 1536w, https:\/\/diariodigitalmx.com\/wp-content\/uploads\/2024\/04\/WhatsApp-Image-2024-04-20-at-1.55.00-PM.jpeg 1600w\" sizes=\"(max-width: 1024px) 100vw, 1024px\" \/><\/figure>\n\n\n\n<p>La Expo continuar\u00e1 el 27 de abril en Parque Mirasur, el 4 de mayo en Parque Pedregal, el d\u00eda 11 en el Skate Park de Praderas de San Francisco, el 18 en Canchas CAIPA y el 25 en Parque de la Colonia San Genaro.<\/p>\n\n\n\n<p>La inauguraci\u00f3n estuvo a cargo de Jos\u00e9 Antonio Quiroga Chapa, encargado del Despacho de la Presidencia Municipal de Escobedo.<\/p>\n\n\n\n<figure class=\"wp-block-gallery has-nested-images columns-default is-cropped wp-block-gallery-1 is-layout-flex wp-block-gallery-is-layout-flex\">\n<figure class=\"wp-block-image size-large\"><img loading=\"lazy\" decoding=\"async\" width=\"1024\" height=\"680\" data-id=\"117515\" src=\"https:\/\/diariodigitalmx.com\/wp-content\/uploads\/2024\/04\/WhatsApp-Image-2024-04-20-at-1.55.00-PM-2-1024x680.jpeg\" alt=\"\" class=\"wp-image-117515\" srcset=\"https:\/\/diariodigitalmx.com\/wp-content\/uploads\/2024\/04\/WhatsApp-Image-2024-04-20-at-1.55.00-PM-2-1024x680.jpeg 1024w, https:\/\/diariodigitalmx.com\/wp-content\/uploads\/2024\/04\/WhatsApp-Image-2024-04-20-at-1.55.00-PM-2-300x199.jpeg 300w, https:\/\/diariodigitalmx.com\/wp-content\/uploads\/2024\/04\/WhatsApp-Image-2024-04-20-at-1.55.00-PM-2-768x510.jpeg 768w, https:\/\/diariodigitalmx.com\/wp-content\/uploads\/2024\/04\/WhatsApp-Image-2024-04-20-at-1.55.00-PM-2-1536x1020.jpeg 1536w, https:\/\/diariodigitalmx.com\/wp-content\/uploads\/2024\/04\/WhatsApp-Image-2024-04-20-at-1.55.00-PM-2.jpeg 1600w\" sizes=\"(max-width: 1024px) 100vw, 1024px\" \/><\/figure>\n\n\n\n<figure class=\"wp-block-image size-large\"><img loading=\"lazy\" decoding=\"async\" width=\"1024\" height=\"680\" data-id=\"117516\" src=\"https:\/\/diariodigitalmx.com\/wp-content\/uploads\/2024\/04\/WhatsApp-Image-2024-04-20-at-1.55.00-PM-5-1024x680.jpeg\" alt=\"\" class=\"wp-image-117516\" srcset=\"https:\/\/diariodigitalmx.com\/wp-content\/uploads\/2024\/04\/WhatsApp-Image-2024-04-20-at-1.55.00-PM-5-1024x680.jpeg 1024w, https:\/\/diariodigitalmx.com\/wp-content\/uploads\/2024\/04\/WhatsApp-Image-2024-04-20-at-1.55.00-PM-5-300x199.jpeg 300w, https:\/\/diariodigitalmx.com\/wp-content\/uploads\/2024\/04\/WhatsApp-Image-2024-04-20-at-1.55.00-PM-5-768x510.jpeg 768w, https:\/\/diariodigitalmx.com\/wp-content\/uploads\/2024\/04\/WhatsApp-Image-2024-04-20-at-1.55.00-PM-5-1536x1020.jpeg 1536w, https:\/\/diariodigitalmx.com\/wp-content\/uploads\/2024\/04\/WhatsApp-Image-2024-04-20-at-1.55.00-PM-5.jpeg 1600w\" sizes=\"(max-width: 1024px) 100vw, 1024px\" \/><\/figure>\n<\/figure>\n\n\n\n<p>Ni\u00f1os y adultos disfrutar\u00e1n de exhibiciones de binomios caninos en la detecci\u00f3n de sustancias nocivas para la salud y de apoyo para la detenci\u00f3n de personas que cometan un delito, as\u00ed como sobrevuelos de drones de alta gama y abordar patrullas con equipo de tecnolog\u00eda&nbsp; avanzada.<\/p>\n\n\n\n<p>Adem\u00e1s se podr\u00e1n apreciar armas de exhibici\u00f3n de alto calibre, armas letales y no letales que los polic\u00edas usan en su trabajo diario, as\u00ed como convivir con botargas de Proxpol.<\/p>\n\n\n\n<figure class=\"wp-block-image size-large\"><img loading=\"lazy\" decoding=\"async\" width=\"1024\" height=\"680\" src=\"https:\/\/diariodigitalmx.com\/wp-content\/uploads\/2024\/04\/WhatsApp-Image-2024-04-20-at-1.55.00-PM-1-1024x680.jpeg\" alt=\"\" class=\"wp-image-117518\" srcset=\"https:\/\/diariodigitalmx.com\/wp-content\/uploads\/2024\/04\/WhatsApp-Image-2024-04-20-at-1.55.00-PM-1-1024x680.jpeg 1024w, https:\/\/diariodigitalmx.com\/wp-content\/uploads\/2024\/04\/WhatsApp-Image-2024-04-20-at-1.55.00-PM-1-300x199.jpeg 300w, https:\/\/diariodigitalmx.com\/wp-content\/uploads\/2024\/04\/WhatsApp-Image-2024-04-20-at-1.55.00-PM-1-768x510.jpeg 768w, https:\/\/diariodigitalmx.com\/wp-content\/uploads\/2024\/04\/WhatsApp-Image-2024-04-20-at-1.55.00-PM-1-1536x1020.jpeg 1536w, https:\/\/diariodigitalmx.com\/wp-content\/uploads\/2024\/04\/WhatsApp-Image-2024-04-20-at-1.55.00-PM-1.jpeg 1600w\" sizes=\"(max-width: 1024px) 100vw, 1024px\" \/><\/figure>\n\n\n\n<p>\u201cEl objetivo es acercar la polic\u00eda con la ciudadan\u00eda, que sepan qui\u00e9n los est\u00e1 cuidando, que la conozcan y puedan sentir confianza hacia los oficiales\u201d, coment\u00f3 Quiroga Chapa.<\/p>\n\n\n\n<p>Esta acci\u00f3n se complementa con recorridos de representantes de colonia al C4, reuniones vecinales para que el ciudadano conozca la forma en que se trabaja para brindar seguridad.<\/p>\n\n\n\n<p>Por su parte Marco Antonio Zavala Sol\u00eds, secretario de Seguridad, dijo que se busca que los ciudadanos conozcan a su polic\u00eda, sus formas de trabajo y el equipo que se tiene para protegerlos.<\/p>\n\n\n\n<p>Acompa\u00f1aron a Jos\u00e9 Antonio Quiroga Chapa,&nbsp; Marco Antonio Zavala Sol\u00eds, Secretario de Seguridad Ciudadana; y Karla Cant\u00fa, directora de Prevenci\u00f3n Social.<\/p>\n","protected":false},"excerpt":{"rendered":"<p>Con una exposici\u00f3n de equipo t\u00e1ctico, drones, exhibici\u00f3n de binomios caninos en labores policiales, el Gobierno de Escobedo a trav\u00e9s de la Secretar\u00eda de Seguridad Ciudadana inici\u00f3 un programa de acercamiento con la ciudadan\u00eda. Este s\u00e1bado se present\u00f3 el proyecto \u201cGran Expo Proxpol, Juntos Por Tu Seguridad\u201d en el Parque Lineal en la Colonia Topo [&hellip;]<\/p>\n","protected":false},"author":1,"featured_media":117509,"comment_status":"open","ping_status":"open","sticky":true,"template":"","format":"standard","meta":{"footnotes":""},"categories":[6,5],"tags":[],"_links":{"self":[{"href":"https:\/\/diariodigitalmx.com\/index.php\/wp-json\/wp\/v2\/posts\/117507"}],"collection":[{"href":"https:\/\/diariodigitalmx.com\/index.php\/wp-json\/wp\/v2\/posts"}],"about":[{"href":"https:\/\/diariodigitalmx.com\/index.php\/wp-json\/wp\/v2\/types\/post"}],"author":[{"embeddable":true,"href":"https:\/\/diariodigitalmx.com\/index.php\/wp-json\/wp\/v2\/users\/1"}],"replies":[{"embeddable":true,"href":"https:\/\/diariodigitalmx.com\/index.php\/wp-json\/wp\/v2\/comments?post=117507"}],"version-history":[{"count":5,"href":"https:\/\/diariodigitalmx.com\/index.php\/wp-json\/wp\/v2\/posts\/117507\/revisions"}],"predecessor-version":[{"id":117519,"href":"https:\/\/diariodigitalmx.com\/index.php\/wp-json\/wp\/v2\/posts\/117507\/revisions\/117519"}],"wp:featuredmedia":[{"embeddable":true,"href":"https:\/\/diariodigitalmx.com\/index.php\/wp-json\/wp\/v2\/media\/117509"}],"wp:attachment":[{"href":"https:\/\/diariodigitalmx.com\/index.php\/wp-json\/wp\/v2\/media?parent=117507"}],"wp:term":[{"taxonomy":"category","embeddable":true,"href":"https:\/\/diariodigitalmx.com\/index.php\/wp-json\/wp\/v2\/categories?post=117507"},{"taxonomy":"post_tag","embeddable":true,"href":"https:\/\/diariodigitalmx.com\/index.php\/wp-json\/wp\/v2\/tags?post=117507"}],"curies":[{"name":"wp","href":"https:\/\/api.w.org\/{rel}","templated":true}]}}