{"id":117532,"date":"2024-04-21T14:00:50","date_gmt":"2024-04-21T19:00:50","guid":{"rendered":"https:\/\/diariodigitalmx.com\/?p=117532"},"modified":"2024-04-21T14:04:31","modified_gmt":"2024-04-21T19:04:31","slug":"5200-corredores-participan-la-causa-del-autismo-en-nuevo-leon","status":"publish","type":"post","link":"https:\/\/diariodigitalmx.com\/index.php\/2024\/04\/21\/5200-corredores-participan-la-causa-del-autismo-en-nuevo-leon\/","title":{"rendered":"5200 corredores participan la causa del autismo en Nuevo Le\u00f3n"},"content":{"rendered":"\n<figure class=\"wp-block-image size-large\"><img loading=\"lazy\" decoding=\"async\" width=\"1024\" height=\"1024\" src=\"https:\/\/diariodigitalmx.com\/wp-content\/uploads\/2024\/04\/IMG_20240421_125859_842-1024x1024.webp\" alt=\"\" class=\"wp-image-117536\" srcset=\"https:\/\/diariodigitalmx.com\/wp-content\/uploads\/2024\/04\/IMG_20240421_125859_842-1024x1024.webp 1024w, https:\/\/diariodigitalmx.com\/wp-content\/uploads\/2024\/04\/IMG_20240421_125859_842-300x300.webp 300w, https:\/\/diariodigitalmx.com\/wp-content\/uploads\/2024\/04\/IMG_20240421_125859_842-150x150.webp 150w, https:\/\/diariodigitalmx.com\/wp-content\/uploads\/2024\/04\/IMG_20240421_125859_842-768x768.webp 768w, https:\/\/diariodigitalmx.com\/wp-content\/uploads\/2024\/04\/IMG_20240421_125859_842.webp 1080w\" sizes=\"(max-width: 1024px) 100vw, 1024px\" \/><\/figure>\n\n\n\n<p>Por: Ra\u00fal E. Guevara Ortiz\/Prensa Trotime.- Ni la lluvia pertinaz y sorpresivo descenso de la temperatura, fueron impedimento, para que 5 mil doscientos corredores, se sumar\u00e1n con su inscripci\u00f3n y participaci\u00f3n a la noble causa de la Carrera Azul Arena 2024, organizada con el objetivo de luchar por la inclusi\u00f3n de ni\u00f1os y j\u00f3venes con autismo de Nuevo Le\u00f3n.<\/p>\n\n\n\n<figure class=\"wp-block-image size-large\"><img loading=\"lazy\" decoding=\"async\" width=\"1024\" height=\"1024\" src=\"https:\/\/diariodigitalmx.com\/wp-content\/uploads\/2024\/04\/IMG_20240421_125900_109-1024x1024.webp\" alt=\"\" class=\"wp-image-117538\" srcset=\"https:\/\/diariodigitalmx.com\/wp-content\/uploads\/2024\/04\/IMG_20240421_125900_109-1024x1024.webp 1024w, https:\/\/diariodigitalmx.com\/wp-content\/uploads\/2024\/04\/IMG_20240421_125900_109-300x300.webp 300w, https:\/\/diariodigitalmx.com\/wp-content\/uploads\/2024\/04\/IMG_20240421_125900_109-150x150.webp 150w, https:\/\/diariodigitalmx.com\/wp-content\/uploads\/2024\/04\/IMG_20240421_125900_109-768x768.webp 768w, https:\/\/diariodigitalmx.com\/wp-content\/uploads\/2024\/04\/IMG_20240421_125900_109.webp 1080w\" sizes=\"(max-width: 1024px) 100vw, 1024px\" \/><\/figure>\n\n\n\n<p>Los primeros en arribar a la meta fueron los corredores de la distancia de 5 kil\u00f3metros David Osvaldo Orta y Marisol Ramos quienes con tiempo de 17:16 y 19:42 conquistaron la privilegiada posici\u00f3n de honor, superando a los 2,600 participantes inscritos en esta categor\u00eda.<\/p>\n\n\n\n<figure class=\"wp-block-image size-large\"><img loading=\"lazy\" decoding=\"async\" width=\"1024\" height=\"1024\" src=\"https:\/\/diariodigitalmx.com\/wp-content\/uploads\/2024\/04\/IMG_20240421_125900_154-1024x1024.webp\" alt=\"\" class=\"wp-image-117542\" srcset=\"https:\/\/diariodigitalmx.com\/wp-content\/uploads\/2024\/04\/IMG_20240421_125900_154-1024x1024.webp 1024w, https:\/\/diariodigitalmx.com\/wp-content\/uploads\/2024\/04\/IMG_20240421_125900_154-300x300.webp 300w, https:\/\/diariodigitalmx.com\/wp-content\/uploads\/2024\/04\/IMG_20240421_125900_154-150x150.webp 150w, https:\/\/diariodigitalmx.com\/wp-content\/uploads\/2024\/04\/IMG_20240421_125900_154-768x768.webp 768w, https:\/\/diariodigitalmx.com\/wp-content\/uploads\/2024\/04\/IMG_20240421_125900_154.webp 1080w\" sizes=\"(max-width: 1024px) 100vw, 1024px\" \/><\/figure>\n\n\n\n<p>Posteriormente con marcas de 35:37 y 39:21 Jorge Hern\u00e1ndez y Victoria Mart\u00ednez, dejaron atr\u00e1s al contingente integrado por 1,500 corredores de la categor\u00eda de 10K llev\u00e1ndose para su causa el primer lugar de su rama correspondiente.<\/p>\n\n\n\n<figure class=\"wp-block-image size-large\"><img loading=\"lazy\" decoding=\"async\" width=\"1024\" height=\"1024\" src=\"https:\/\/diariodigitalmx.com\/wp-content\/uploads\/2024\/04\/IMG_20240421_125900_042-1024x1024.webp\" alt=\"\" class=\"wp-image-117540\" srcset=\"https:\/\/diariodigitalmx.com\/wp-content\/uploads\/2024\/04\/IMG_20240421_125900_042-1024x1024.webp 1024w, https:\/\/diariodigitalmx.com\/wp-content\/uploads\/2024\/04\/IMG_20240421_125900_042-300x300.webp 300w, https:\/\/diariodigitalmx.com\/wp-content\/uploads\/2024\/04\/IMG_20240421_125900_042-150x150.webp 150w, https:\/\/diariodigitalmx.com\/wp-content\/uploads\/2024\/04\/IMG_20240421_125900_042-768x768.webp 768w, https:\/\/diariodigitalmx.com\/wp-content\/uploads\/2024\/04\/IMG_20240421_125900_042.webp 1080w\" sizes=\"(max-width: 1024px) 100vw, 1024px\" \/><\/figure>\n\n\n\n<p>Cabe mencionar que en la edici\u00f3n 2024 de la carrera a beneficio del autismo de Nuevo Le\u00f3n, un total de 1 mil ni\u00f1os y j\u00f3venes se sumaron con su participaci\u00f3n en forma recreativa con el objetivo de fomentar entre ellos los valores de la solidaridad y empat\u00eda.<\/p>\n","protected":false},"excerpt":{"rendered":"<p>Por: Ra\u00fal E. Guevara Ortiz\/Prensa Trotime.- Ni la lluvia pertinaz y sorpresivo descenso de la temperatura, fueron impedimento, para que 5 mil doscientos corredores, se sumar\u00e1n con su inscripci\u00f3n y participaci\u00f3n a la noble causa de la Carrera Azul Arena 2024, organizada con el objetivo de luchar por la inclusi\u00f3n de ni\u00f1os y j\u00f3venes con [&hellip;]<\/p>\n","protected":false},"author":1,"featured_media":117535,"comment_status":"open","ping_status":"open","sticky":true,"template":"","format":"standard","meta":{"footnotes":""},"categories":[8,14],"tags":[],"_links":{"self":[{"href":"https:\/\/diariodigitalmx.com\/index.php\/wp-json\/wp\/v2\/posts\/117532"}],"collection":[{"href":"https:\/\/diariodigitalmx.com\/index.php\/wp-json\/wp\/v2\/posts"}],"about":[{"href":"https:\/\/diariodigitalmx.com\/index.php\/wp-json\/wp\/v2\/types\/post"}],"author":[{"embeddable":true,"href":"https:\/\/diariodigitalmx.com\/index.php\/wp-json\/wp\/v2\/users\/1"}],"replies":[{"embeddable":true,"href":"https:\/\/diariodigitalmx.com\/index.php\/wp-json\/wp\/v2\/comments?post=117532"}],"version-history":[{"count":5,"href":"https:\/\/diariodigitalmx.com\/index.php\/wp-json\/wp\/v2\/posts\/117532\/revisions"}],"predecessor-version":[{"id":117543,"href":"https:\/\/diariodigitalmx.com\/index.php\/wp-json\/wp\/v2\/posts\/117532\/revisions\/117543"}],"wp:featuredmedia":[{"embeddable":true,"href":"https:\/\/diariodigitalmx.com\/index.php\/wp-json\/wp\/v2\/media\/117535"}],"wp:attachment":[{"href":"https:\/\/diariodigitalmx.com\/index.php\/wp-json\/wp\/v2\/media?parent=117532"}],"wp:term":[{"taxonomy":"category","embeddable":true,"href":"https:\/\/diariodigitalmx.com\/index.php\/wp-json\/wp\/v2\/categories?post=117532"},{"taxonomy":"post_tag","embeddable":true,"href":"https:\/\/diariodigitalmx.com\/index.php\/wp-json\/wp\/v2\/tags?post=117532"}],"curies":[{"name":"wp","href":"https:\/\/api.w.org\/{rel}","templated":true}]}}