{"id":117563,"date":"2024-04-21T18:56:05","date_gmt":"2024-04-21T23:56:05","guid":{"rendered":"https:\/\/diariodigitalmx.com\/?p=117563"},"modified":"2024-04-21T18:57:59","modified_gmt":"2024-04-21T23:57:59","slug":"carreterazo-en-allende-nl-mas-de-50-lesionados","status":"publish","type":"post","link":"https:\/\/diariodigitalmx.com\/index.php\/2024\/04\/21\/carreterazo-en-allende-nl-mas-de-50-lesionados\/","title":{"rendered":"Carreterazo en Allende, NL; m\u00e1s de 50 lesionados"},"content":{"rendered":"\n<figure class=\"wp-block-video\"><video controls src=\"http:\/\/diariodigitalmx.com\/wp-content\/uploads\/2024\/04\/FDownloader.net-1591231298308964-480p.mp4\"><\/video><\/figure>\n\n\n\n<p>El ch\u00f3fer de un autob\u00fas tur\u00edstico aparentemente se qued\u00f3 dormido y el veh\u00edculo se volvo con un saldo de 53 pasajeros lesionados.<\/p>\n\n\n\n<p>El accidente se registr\u00f3 en el municipio de Allende a unos 40 kil\u00f3metros al sur de Monterrey en la Carretera Nacional y Carretera al Cerrito, en el centro de la poblaci\u00f3n.<\/p>\n\n\n\n<p>De acuerdo con Protecci\u00f3n Civil del Estado, fueron 53 personas las que resultaron lesionadas, que se trasladaron a diferentes hospitales de Allende, Montemorelos, Ju\u00e1rez y Monterrey.<\/p>\n\n\n\n<figure class=\"wp-block-image size-full\"><img loading=\"lazy\" decoding=\"async\" width=\"640\" height=\"640\" src=\"https:\/\/diariodigitalmx.com\/wp-content\/uploads\/2024\/04\/IMG_20240421_171730_961.webp\" alt=\"\" class=\"wp-image-117569\" srcset=\"https:\/\/diariodigitalmx.com\/wp-content\/uploads\/2024\/04\/IMG_20240421_171730_961.webp 640w, https:\/\/diariodigitalmx.com\/wp-content\/uploads\/2024\/04\/IMG_20240421_171730_961-300x300.webp 300w, https:\/\/diariodigitalmx.com\/wp-content\/uploads\/2024\/04\/IMG_20240421_171730_961-150x150.webp 150w\" sizes=\"(max-width: 640px) 100vw, 640px\" \/><\/figure>\n\n\n\n<p>La volcadura se registr\u00f3 al salir de un paso a desnivel, y el cami\u00f3n que viajaba de Veracruz rumbo a Monterrey, golpe\u00f3 el cord\u00f3n divisorio, lo que tom\u00f3 como rampa para terminar recostada la unidad.<\/p>\n\n\n\n<p>Despu\u00e9s, el chofer que no fue identificado perdi\u00f3 el control del volante tras aparentemente dormitar, por lo que volc\u00f3 el autob\u00fas tur\u00edstico.<\/p>\n\n\n\n<p>Param\u00e9dicos de Protecci\u00f3n Civil y de la Cruz Roja, acudieron al lugar<br>para atender a los heridos.<\/p>\n\n\n\n<p>La carretera nacional que conecta con Ciudad Victoria, Tamaulipas, ha sido escenario de accidentes diversos ante la velocidad con que operan los conductores por esa v\u00eda.<\/p>\n\n\n\n<p>El municipio de Allende, as\u00ed como los de Santiago, Montemorelos, Linares y Hualahuises que integran la regi\u00f3n citr\u00edcola tienen gran movimiento vehicular a trav\u00e9s de la carretera Nacional que cruza su territorio.<\/p>\n","protected":false},"excerpt":{"rendered":"<p>El ch\u00f3fer de un autob\u00fas tur\u00edstico aparentemente se qued\u00f3 dormido y el veh\u00edculo se volvo con un saldo de 53 pasajeros lesionados. El accidente se registr\u00f3 en el municipio de Allende a unos 40 kil\u00f3metros al sur de Monterrey en la Carretera Nacional y Carretera al Cerrito, en el centro de la poblaci\u00f3n. De acuerdo [&hellip;]<\/p>\n","protected":false},"author":1,"featured_media":117565,"comment_status":"open","ping_status":"open","sticky":true,"template":"","format":"standard","meta":{"footnotes":""},"categories":[3,7],"tags":[],"_links":{"self":[{"href":"https:\/\/diariodigitalmx.com\/index.php\/wp-json\/wp\/v2\/posts\/117563"}],"collection":[{"href":"https:\/\/diariodigitalmx.com\/index.php\/wp-json\/wp\/v2\/posts"}],"about":[{"href":"https:\/\/diariodigitalmx.com\/index.php\/wp-json\/wp\/v2\/types\/post"}],"author":[{"embeddable":true,"href":"https:\/\/diariodigitalmx.com\/index.php\/wp-json\/wp\/v2\/users\/1"}],"replies":[{"embeddable":true,"href":"https:\/\/diariodigitalmx.com\/index.php\/wp-json\/wp\/v2\/comments?post=117563"}],"version-history":[{"count":3,"href":"https:\/\/diariodigitalmx.com\/index.php\/wp-json\/wp\/v2\/posts\/117563\/revisions"}],"predecessor-version":[{"id":117570,"href":"https:\/\/diariodigitalmx.com\/index.php\/wp-json\/wp\/v2\/posts\/117563\/revisions\/117570"}],"wp:featuredmedia":[{"embeddable":true,"href":"https:\/\/diariodigitalmx.com\/index.php\/wp-json\/wp\/v2\/media\/117565"}],"wp:attachment":[{"href":"https:\/\/diariodigitalmx.com\/index.php\/wp-json\/wp\/v2\/media?parent=117563"}],"wp:term":[{"taxonomy":"category","embeddable":true,"href":"https:\/\/diariodigitalmx.com\/index.php\/wp-json\/wp\/v2\/categories?post=117563"},{"taxonomy":"post_tag","embeddable":true,"href":"https:\/\/diariodigitalmx.com\/index.php\/wp-json\/wp\/v2\/tags?post=117563"}],"curies":[{"name":"wp","href":"https:\/\/api.w.org\/{rel}","templated":true}]}}