{"id":117571,"date":"2024-04-21T19:53:30","date_gmt":"2024-04-22T00:53:30","guid":{"rendered":"https:\/\/diariodigitalmx.com\/?p=117571"},"modified":"2024-04-21T19:56:38","modified_gmt":"2024-04-22T00:56:38","slug":"apostara-adrian-de-la-garza-al-deporte-para-mejorar-la-calidad-de-vida-de-los-regiomontanos","status":"publish","type":"post","link":"https:\/\/diariodigitalmx.com\/index.php\/2024\/04\/21\/apostara-adrian-de-la-garza-al-deporte-para-mejorar-la-calidad-de-vida-de-los-regiomontanos\/","title":{"rendered":"Apostar\u00e1 Adri\u00e1n de la Garza al deporte para mejorar la calidad de vida de los regiomontanos"},"content":{"rendered":"\n<figure class=\"wp-block-image size-large\"><img loading=\"lazy\" decoding=\"async\" width=\"1024\" height=\"683\" src=\"https:\/\/diariodigitalmx.com\/wp-content\/uploads\/2024\/04\/IMG-20240421-WA0073-1024x683.jpg\" alt=\"\" class=\"wp-image-117575\" srcset=\"https:\/\/diariodigitalmx.com\/wp-content\/uploads\/2024\/04\/IMG-20240421-WA0073-1024x683.jpg 1024w, https:\/\/diariodigitalmx.com\/wp-content\/uploads\/2024\/04\/IMG-20240421-WA0073-300x200.jpg 300w, https:\/\/diariodigitalmx.com\/wp-content\/uploads\/2024\/04\/IMG-20240421-WA0073-768x512.jpg 768w, https:\/\/diariodigitalmx.com\/wp-content\/uploads\/2024\/04\/IMG-20240421-WA0073-1536x1024.jpg 1536w, https:\/\/diariodigitalmx.com\/wp-content\/uploads\/2024\/04\/IMG-20240421-WA0073.jpg 1600w\" sizes=\"(max-width: 1024px) 100vw, 1024px\" \/><\/figure>\n\n\n\n<p>La promoci\u00f3n del deporte como medio para el desarrollo f\u00edsico de los regiomontanos, para la seguridad, la convivencia, la sana competencia y todos los beneficios que conlleva esta actividad ser\u00e1 una de las prioridades del pr\u00f3ximo gobierno de Monterrey.<br>As\u00ed lo ofreci\u00f3 el candidato de la alianza \u201cFuerza y coraz\u00f3n por Nuevo Le\u00f3n\u201d, Adri\u00e1n de la Garza Santos durante un recorrido por el mercado de la colonia Valle de Infonavit.<br>Por ser domingo, record\u00f3 que una de las acciones m\u00e1s importantes en sus anteriores gestiones al frente de la ciudad fue el establecimiento, rehabilitaci\u00f3n y creaci\u00f3n de espacios como la V\u00eda Deportiva, que anunci\u00f3, ser\u00e1 intervenida para mejorar sus condiciones y planeaci\u00f3n.<\/p>\n\n\n\n<figure class=\"wp-block-image size-large\"><img loading=\"lazy\" decoding=\"async\" width=\"1024\" height=\"683\" src=\"https:\/\/diariodigitalmx.com\/wp-content\/uploads\/2024\/04\/IMG-20240421-WA0075-1024x683.jpg\" alt=\"\" class=\"wp-image-117578\" srcset=\"https:\/\/diariodigitalmx.com\/wp-content\/uploads\/2024\/04\/IMG-20240421-WA0075-1024x683.jpg 1024w, https:\/\/diariodigitalmx.com\/wp-content\/uploads\/2024\/04\/IMG-20240421-WA0075-300x200.jpg 300w, https:\/\/diariodigitalmx.com\/wp-content\/uploads\/2024\/04\/IMG-20240421-WA0075-768x512.jpg 768w, https:\/\/diariodigitalmx.com\/wp-content\/uploads\/2024\/04\/IMG-20240421-WA0075-1536x1024.jpg 1536w, https:\/\/diariodigitalmx.com\/wp-content\/uploads\/2024\/04\/IMG-20240421-WA0075.jpg 1600w\" sizes=\"(max-width: 1024px) 100vw, 1024px\" \/><\/figure>\n\n\n\n<p>\u201cProvocar y promover el deporte es important\u00edsimo para la seguridad y tambi\u00e9n para la calidad de vida y desarrollo ya sea de salud, pero tambi\u00e9n f\u00edsica y mental, esto nos lo est\u00e1n pidiendo los ciudadanos de Monterrey\u201d, enfatiz\u00f3.<br>De la Garza, como f\u00edsico culturista, reconoce que el ejercicio mejora la calidad de vida no s\u00f3lo en los aspectos f\u00edsico y fisiol\u00f3gico, sino mental, porque reduce la ansiedad, el estr\u00e9s y mejora el estado de \u00e1nimo.<\/p>\n\n\n\n<figure class=\"wp-block-gallery has-nested-images columns-default is-cropped wp-block-gallery-1 is-layout-flex wp-block-gallery-is-layout-flex\">\n<figure class=\"wp-block-image size-large\"><img loading=\"lazy\" decoding=\"async\" width=\"1024\" height=\"683\" data-id=\"117581\" src=\"https:\/\/diariodigitalmx.com\/wp-content\/uploads\/2024\/04\/IMG-20240421-WA0074-1024x683.jpg\" alt=\"\" class=\"wp-image-117581\" srcset=\"https:\/\/diariodigitalmx.com\/wp-content\/uploads\/2024\/04\/IMG-20240421-WA0074-1024x683.jpg 1024w, https:\/\/diariodigitalmx.com\/wp-content\/uploads\/2024\/04\/IMG-20240421-WA0074-300x200.jpg 300w, https:\/\/diariodigitalmx.com\/wp-content\/uploads\/2024\/04\/IMG-20240421-WA0074-768x512.jpg 768w, https:\/\/diariodigitalmx.com\/wp-content\/uploads\/2024\/04\/IMG-20240421-WA0074-1536x1024.jpg 1536w, https:\/\/diariodigitalmx.com\/wp-content\/uploads\/2024\/04\/IMG-20240421-WA0074.jpg 1600w\" sizes=\"(max-width: 1024px) 100vw, 1024px\" \/><\/figure>\n\n\n\n<figure class=\"wp-block-image size-large\"><img loading=\"lazy\" decoding=\"async\" width=\"1024\" height=\"683\" data-id=\"117582\" src=\"https:\/\/diariodigitalmx.com\/wp-content\/uploads\/2024\/04\/IMG-20240421-WA0080-1024x683.jpg\" alt=\"\" class=\"wp-image-117582\" srcset=\"https:\/\/diariodigitalmx.com\/wp-content\/uploads\/2024\/04\/IMG-20240421-WA0080-1024x683.jpg 1024w, https:\/\/diariodigitalmx.com\/wp-content\/uploads\/2024\/04\/IMG-20240421-WA0080-300x200.jpg 300w, https:\/\/diariodigitalmx.com\/wp-content\/uploads\/2024\/04\/IMG-20240421-WA0080-768x512.jpg 768w, https:\/\/diariodigitalmx.com\/wp-content\/uploads\/2024\/04\/IMG-20240421-WA0080-1536x1024.jpg 1536w, https:\/\/diariodigitalmx.com\/wp-content\/uploads\/2024\/04\/IMG-20240421-WA0080.jpg 1600w\" sizes=\"(max-width: 1024px) 100vw, 1024px\" \/><\/figure>\n<\/figure>\n\n\n\n<p>En Valle de Infonavit volver\u00e1 a rehabilitar los espacios p\u00fablicos no s\u00f3lo para que sean lugares de convivencia y esparcimiento, sino que se conviertan en \u00e1reas para que la poblaci\u00f3n camine, corra, ande en bicicleta, en patines o que practique cualquier disciplina, tal como lo hacen en la V\u00eda Deportiva.<\/p>\n\n\n\n<figure class=\"wp-block-image size-large\"><img loading=\"lazy\" decoding=\"async\" width=\"1024\" height=\"683\" src=\"https:\/\/diariodigitalmx.com\/wp-content\/uploads\/2024\/04\/IMG-20240421-WA0079-1024x683.jpg\" alt=\"\" class=\"wp-image-117584\" srcset=\"https:\/\/diariodigitalmx.com\/wp-content\/uploads\/2024\/04\/IMG-20240421-WA0079-1024x683.jpg 1024w, https:\/\/diariodigitalmx.com\/wp-content\/uploads\/2024\/04\/IMG-20240421-WA0079-300x200.jpg 300w, https:\/\/diariodigitalmx.com\/wp-content\/uploads\/2024\/04\/IMG-20240421-WA0079-768x512.jpg 768w, https:\/\/diariodigitalmx.com\/wp-content\/uploads\/2024\/04\/IMG-20240421-WA0079-1536x1024.jpg 1536w, https:\/\/diariodigitalmx.com\/wp-content\/uploads\/2024\/04\/IMG-20240421-WA0079.jpg 1600w\" sizes=\"(max-width: 1024px) 100vw, 1024px\" \/><\/figure>\n\n\n\n<p>El candidato a la Alcald\u00eda de Monterrey, por la coalici\u00f3n PRI,PAN, PRD, Adri\u00e1n de la Garza, su familia y equipo encabezaron un \u201cpegoteo\u201d de calcas con el logotipo del aspirante en los alrededores del auditorio R\u00edo 70 en la zona centro, a donde se dieron cita los automovilistas que buscaban saludar al candidato y que permitieron que en su veh\u00edculo vaya el pegote.<\/p>\n","protected":false},"excerpt":{"rendered":"<p>La promoci\u00f3n del deporte como medio para el desarrollo f\u00edsico de los regiomontanos, para la seguridad, la convivencia, la sana competencia y todos los beneficios que conlleva esta actividad ser\u00e1 una de las prioridades del pr\u00f3ximo gobierno de Monterrey.As\u00ed lo ofreci\u00f3 el candidato de la alianza \u201cFuerza y coraz\u00f3n por Nuevo Le\u00f3n\u201d, Adri\u00e1n de la [&hellip;]<\/p>\n","protected":false},"author":1,"featured_media":117573,"comment_status":"open","ping_status":"open","sticky":true,"template":"","format":"standard","meta":{"footnotes":""},"categories":[14,6],"tags":[],"_links":{"self":[{"href":"https:\/\/diariodigitalmx.com\/index.php\/wp-json\/wp\/v2\/posts\/117571"}],"collection":[{"href":"https:\/\/diariodigitalmx.com\/index.php\/wp-json\/wp\/v2\/posts"}],"about":[{"href":"https:\/\/diariodigitalmx.com\/index.php\/wp-json\/wp\/v2\/types\/post"}],"author":[{"embeddable":true,"href":"https:\/\/diariodigitalmx.com\/index.php\/wp-json\/wp\/v2\/users\/1"}],"replies":[{"embeddable":true,"href":"https:\/\/diariodigitalmx.com\/index.php\/wp-json\/wp\/v2\/comments?post=117571"}],"version-history":[{"count":7,"href":"https:\/\/diariodigitalmx.com\/index.php\/wp-json\/wp\/v2\/posts\/117571\/revisions"}],"predecessor-version":[{"id":117585,"href":"https:\/\/diariodigitalmx.com\/index.php\/wp-json\/wp\/v2\/posts\/117571\/revisions\/117585"}],"wp:featuredmedia":[{"embeddable":true,"href":"https:\/\/diariodigitalmx.com\/index.php\/wp-json\/wp\/v2\/media\/117573"}],"wp:attachment":[{"href":"https:\/\/diariodigitalmx.com\/index.php\/wp-json\/wp\/v2\/media?parent=117571"}],"wp:term":[{"taxonomy":"category","embeddable":true,"href":"https:\/\/diariodigitalmx.com\/index.php\/wp-json\/wp\/v2\/categories?post=117571"},{"taxonomy":"post_tag","embeddable":true,"href":"https:\/\/diariodigitalmx.com\/index.php\/wp-json\/wp\/v2\/tags?post=117571"}],"curies":[{"name":"wp","href":"https:\/\/api.w.org\/{rel}","templated":true}]}}