{"id":117597,"date":"2024-04-22T07:44:29","date_gmt":"2024-04-22T12:44:29","guid":{"rendered":"https:\/\/diariodigitalmx.com\/?p=117597"},"modified":"2024-04-22T07:45:03","modified_gmt":"2024-04-22T12:45:03","slug":"los-huidos","status":"publish","type":"post","link":"https:\/\/diariodigitalmx.com\/index.php\/2024\/04\/22\/los-huidos\/","title":{"rendered":"Los huidos"},"content":{"rendered":"\n<p>Gerson G\u00f3mez Salas <\/p>\n\n\n\n<p>Dos son los notables en el sexenio por terminar. Enrique Pe\u00f1a Nieto de marcha por Espa\u00f1a. Viviendo al amparo del infortunio. Entre veladas taciturnas acompa\u00f1ado por bellas damas aspirantes a convertirse en consorte del viudo expresidente. Sin aspiraciones pol\u00edticas ni con peso en su instituto pol\u00edtico<\/p>\n\n\n\n<p>Ricardo Anaya Cort\u00e9s, panista exiliado en los Estados Unidos de Am\u00e9rica. Cruzar a M\u00e9xico significar\u00eda entregarse en manos de la justicia. Las presuntas irregularidades por el uso de informaci\u00f3n privilegiada. Incluido como numero uno para representaci\u00f3n proporcional al Senado en la coalici\u00f3n PRIANrd.<\/p>\n\n\n\n<p>No har\u00e1 campa\u00f1a para obtener votos. Tal vez cruce la frontera por auto, encajuelado. Antes de las elecciones no lo har\u00e1 ni en broma. Ni por carretera, ni por avi\u00f3n, ni por barco. Poner su nombre en los manifiestos de viajantes colocar\u00eda en alerta a los activos de la impartici\u00f3n de justicia.<\/p>\n\n\n\n<p>Anaya Ir\u00eda a casa de arraigo mientras de manera acelerada le buscan un amparo. Ricardo sabe la dificultad de recibir la constancia de mayor\u00eda como Senador Electo. Incluso ahora al bajar al segundo, Francisco Garc\u00eda Cabeza de Vaca, de la formula por cargos policiales pendientes.<\/p>\n\n\n\n<p>Cada presidencia imperial, desde L\u00e1zaro C\u00e1rdenas, debe de posicionar el poder central en una sola persona.<\/p>\n\n\n\n<p>Claudia Sheinbaum podr\u00e1 manejar las cartas, de resultar ganadora, entre algunos empresarios incomodos como Ricardo Salinas Pliego e incluso las inversiones de X\u00f3chitl G\u00e1lvez, su opositora en la contienda presidencial.<\/p>\n\n\n\n<p>Los huidos del 2024 al 2030, gobernadores, alcaldes, diputados, senadores, empresarios. El segundo piso de la 4T los va a colocar en picota como ejemplo de templanza.<\/p>\n","protected":false},"excerpt":{"rendered":"<p>Gerson G\u00f3mez Salas Dos son los notables en el sexenio por terminar. Enrique Pe\u00f1a Nieto de marcha por Espa\u00f1a. Viviendo al amparo del infortunio. Entre veladas taciturnas acompa\u00f1ado por bellas damas aspirantes a convertirse en consorte del viudo expresidente. Sin aspiraciones pol\u00edticas ni con peso en su instituto pol\u00edtico Ricardo Anaya Cort\u00e9s, panista exiliado en [&hellip;]<\/p>\n","protected":false},"author":1,"featured_media":117599,"comment_status":"open","ping_status":"open","sticky":true,"template":"","format":"standard","meta":{"footnotes":""},"categories":[14,12],"tags":[],"_links":{"self":[{"href":"https:\/\/diariodigitalmx.com\/index.php\/wp-json\/wp\/v2\/posts\/117597"}],"collection":[{"href":"https:\/\/diariodigitalmx.com\/index.php\/wp-json\/wp\/v2\/posts"}],"about":[{"href":"https:\/\/diariodigitalmx.com\/index.php\/wp-json\/wp\/v2\/types\/post"}],"author":[{"embeddable":true,"href":"https:\/\/diariodigitalmx.com\/index.php\/wp-json\/wp\/v2\/users\/1"}],"replies":[{"embeddable":true,"href":"https:\/\/diariodigitalmx.com\/index.php\/wp-json\/wp\/v2\/comments?post=117597"}],"version-history":[{"count":1,"href":"https:\/\/diariodigitalmx.com\/index.php\/wp-json\/wp\/v2\/posts\/117597\/revisions"}],"predecessor-version":[{"id":117598,"href":"https:\/\/diariodigitalmx.com\/index.php\/wp-json\/wp\/v2\/posts\/117597\/revisions\/117598"}],"wp:featuredmedia":[{"embeddable":true,"href":"https:\/\/diariodigitalmx.com\/index.php\/wp-json\/wp\/v2\/media\/117599"}],"wp:attachment":[{"href":"https:\/\/diariodigitalmx.com\/index.php\/wp-json\/wp\/v2\/media?parent=117597"}],"wp:term":[{"taxonomy":"category","embeddable":true,"href":"https:\/\/diariodigitalmx.com\/index.php\/wp-json\/wp\/v2\/categories?post=117597"},{"taxonomy":"post_tag","embeddable":true,"href":"https:\/\/diariodigitalmx.com\/index.php\/wp-json\/wp\/v2\/tags?post=117597"}],"curies":[{"name":"wp","href":"https:\/\/api.w.org\/{rel}","templated":true}]}}