{"id":117615,"date":"2024-04-22T11:49:23","date_gmt":"2024-04-22T16:49:23","guid":{"rendered":"https:\/\/diariodigitalmx.com\/?p=117615"},"modified":"2024-04-22T11:54:27","modified_gmt":"2024-04-22T16:54:27","slug":"para-leer-esta-semana-3","status":"publish","type":"post","link":"https:\/\/diariodigitalmx.com\/index.php\/2024\/04\/22\/para-leer-esta-semana-3\/","title":{"rendered":"Para leer esta semana"},"content":{"rendered":"\n<p>Gerson G\u00f3mez Salas<br>Desde que me qued\u00e9 sin dioses de Ricardo de Juan Marcos<br>El autor conoce a Momo, refugiado palestino de la guerra civil siria, en 2018 y decide contar su historia y la de su familia: desde la Cat\u00e1strofe palestina de 1948, su infancia y juventud en Damasco y la revoluci\u00f3n de 2011, hasta la prisi\u00f3n, la tortura y el exilio, primero a Dinamarca y luego a Suecia, donde hoy trabaja con adolescentes huidos de la guerra. A medio camino entre la novela, las memorias y el diario, esta historia real de un doble exilio es adem\u00e1s un an\u00e1lisis de la culpa del superviviente y de los prejuicios a los que se enfrenta un inmigrante \u00e1rabe en Europa.<\/p>\n\n\n\n<figure class=\"wp-block-image size-large\"><img loading=\"lazy\" decoding=\"async\" width=\"716\" height=\"1024\" src=\"https:\/\/diariodigitalmx.com\/wp-content\/uploads\/2024\/04\/6d227712-fcc1-cbe1-dba5-64481f91aebe-716x1024.jpg\" alt=\"\" class=\"wp-image-117619\" srcset=\"https:\/\/diariodigitalmx.com\/wp-content\/uploads\/2024\/04\/6d227712-fcc1-cbe1-dba5-64481f91aebe-716x1024.jpg 716w, https:\/\/diariodigitalmx.com\/wp-content\/uploads\/2024\/04\/6d227712-fcc1-cbe1-dba5-64481f91aebe-210x300.jpg 210w, https:\/\/diariodigitalmx.com\/wp-content\/uploads\/2024\/04\/6d227712-fcc1-cbe1-dba5-64481f91aebe-768x1098.jpg 768w, https:\/\/diariodigitalmx.com\/wp-content\/uploads\/2024\/04\/6d227712-fcc1-cbe1-dba5-64481f91aebe-1075x1536.jpg 1075w, https:\/\/diariodigitalmx.com\/wp-content\/uploads\/2024\/04\/6d227712-fcc1-cbe1-dba5-64481f91aebe-1433x2048.jpg 1433w, https:\/\/diariodigitalmx.com\/wp-content\/uploads\/2024\/04\/6d227712-fcc1-cbe1-dba5-64481f91aebe.jpg 1777w\" sizes=\"(max-width: 716px) 100vw, 716px\" \/><\/figure>\n\n\n\n<p>Doramar o la Odisea de Itamar Vieira Ju\u00f1ior<br>Tras el \u00e9xito alcanzado con la novela Torcido Arado (que gan\u00f3 el Premio LeYa en Portugal y luego, en Brasil, los prestigiosos premios Jabuti y Oc\u00e9anos), Itamar Vieira Junior regresa con una colecci\u00f3n de historias fascinantes que lo confirman como un gran narrador.<br>Itamar re\u00fane un conjunto de historias actuales, basadas en la multiplicidad de culturas que forman Brasil. Parte de los textos de este volumen fueron publicados en A ora\u00e7\u00e3o do carrasco (2017), finalista del Premio Jabuti en 2018. Estos cuentos dan testimonio de la vitalidad de un escritor que encuentra inspiraci\u00f3n en personajes que desaf\u00edan los l\u00edmites que les imponen. As\u00ed, narraciones como &#8220;El bosque del adi\u00f3s&#8221;, &#8220;Regresar&#8221; y el relato que da t\u00edtulo a este volumen hablan de personajes femeninos que se enfrentan a las condiciones m\u00e1s adversas. Otros, arrojan luz sobre el pasado esclavista, evocan la cultura afrobrasile\u00f1a (&#8220;Faro de las almas&#8221;, &#8220;Alma&#8221;), la ascendencia ind\u00edgena (&#8220;El esp\u00edritu aboni de las cosas&#8221;), la marginalidad y la locura (&#8220;manto de la presentaci\u00f3n&#8221;, sobre el artista Arthur Bispo do Ros\u00e1rio). E incluso hay espacio en el imaginario de Itamar para una historia como &#8220;En el fondo del lago&#8221;, en la que algo g\u00f3tico se cuela en los m\u00e1rgenes de la trama.<\/p>\n\n\n\n<figure class=\"wp-block-image size-large\"><img loading=\"lazy\" decoding=\"async\" width=\"769\" height=\"1024\" src=\"https:\/\/diariodigitalmx.com\/wp-content\/uploads\/2024\/04\/1f235451-4bcf-53cb-d830-6cf9ddb83c0f-1-769x1024.png\" alt=\"\" class=\"wp-image-117621\" srcset=\"https:\/\/diariodigitalmx.com\/wp-content\/uploads\/2024\/04\/1f235451-4bcf-53cb-d830-6cf9ddb83c0f-1-769x1024.png 769w, https:\/\/diariodigitalmx.com\/wp-content\/uploads\/2024\/04\/1f235451-4bcf-53cb-d830-6cf9ddb83c0f-1-225x300.png 225w, https:\/\/diariodigitalmx.com\/wp-content\/uploads\/2024\/04\/1f235451-4bcf-53cb-d830-6cf9ddb83c0f-1-768x1022.png 768w, https:\/\/diariodigitalmx.com\/wp-content\/uploads\/2024\/04\/1f235451-4bcf-53cb-d830-6cf9ddb83c0f-1.png 1082w\" sizes=\"(max-width: 769px) 100vw, 769px\" \/><\/figure>\n\n\n\n<p>El reverso de la piel de Jeferson Tenorio<\/p>\n\n\n\n<p>Novela ganadora del Premio Jabuti, es la historia de Pedro, quien, despu\u00e9s de la muerte de su padre, asesinado injustamente por la polic\u00eda, busca rescatar el pasado de la familia a trav\u00e9s de la memoria, recorriendo, a la vez que reconstruye, la vida de su padre. Con una prosa sensible y a veces brutal, Ten\u00f3rio construye una narraci\u00f3n que ahonda en cuestiones como la paternidad, la violencia, el racismo, y el sistema educativo fallido que limita a los estudiantes marginalizados y racializados de Brasil, sin embargo, El reverso de la piel, es tambi\u00e9n la historia sobre las relaciones entre padres e hijos y los caminos que recorremos hacia el afecto y la redenci\u00f3n.<\/p>\n","protected":false},"excerpt":{"rendered":"<p>Gerson G\u00f3mez SalasDesde que me qued\u00e9 sin dioses de Ricardo de Juan MarcosEl autor conoce a Momo, refugiado palestino de la guerra civil siria, en 2018 y decide contar su historia y la de su familia: desde la Cat\u00e1strofe palestina de 1948, su infancia y juventud en Damasco y la revoluci\u00f3n de 2011, hasta la [&hellip;]<\/p>\n","protected":false},"author":1,"featured_media":117617,"comment_status":"open","ping_status":"open","sticky":true,"template":"","format":"standard","meta":{"footnotes":""},"categories":[11,14],"tags":[],"_links":{"self":[{"href":"https:\/\/diariodigitalmx.com\/index.php\/wp-json\/wp\/v2\/posts\/117615"}],"collection":[{"href":"https:\/\/diariodigitalmx.com\/index.php\/wp-json\/wp\/v2\/posts"}],"about":[{"href":"https:\/\/diariodigitalmx.com\/index.php\/wp-json\/wp\/v2\/types\/post"}],"author":[{"embeddable":true,"href":"https:\/\/diariodigitalmx.com\/index.php\/wp-json\/wp\/v2\/users\/1"}],"replies":[{"embeddable":true,"href":"https:\/\/diariodigitalmx.com\/index.php\/wp-json\/wp\/v2\/comments?post=117615"}],"version-history":[{"count":3,"href":"https:\/\/diariodigitalmx.com\/index.php\/wp-json\/wp\/v2\/posts\/117615\/revisions"}],"predecessor-version":[{"id":117622,"href":"https:\/\/diariodigitalmx.com\/index.php\/wp-json\/wp\/v2\/posts\/117615\/revisions\/117622"}],"wp:featuredmedia":[{"embeddable":true,"href":"https:\/\/diariodigitalmx.com\/index.php\/wp-json\/wp\/v2\/media\/117617"}],"wp:attachment":[{"href":"https:\/\/diariodigitalmx.com\/index.php\/wp-json\/wp\/v2\/media?parent=117615"}],"wp:term":[{"taxonomy":"category","embeddable":true,"href":"https:\/\/diariodigitalmx.com\/index.php\/wp-json\/wp\/v2\/categories?post=117615"},{"taxonomy":"post_tag","embeddable":true,"href":"https:\/\/diariodigitalmx.com\/index.php\/wp-json\/wp\/v2\/tags?post=117615"}],"curies":[{"name":"wp","href":"https:\/\/api.w.org\/{rel}","templated":true}]}}